{"id":67,"date":"2017-03-05T14:06:59","date_gmt":"2017-03-05T19:06:59","guid":{"rendered":"https:\/\/aapars.com\/pyerrette-campbell\/?p=67"},"modified":"2017-03-05T14:06:59","modified_gmt":"2017-03-05T19:06:59","slug":"nouvelle-exposition","status":"publish","type":"post","link":"https:\/\/aapars.com\/pyerrette-campbell\/2017\/03\/05\/nouvelle-exposition\/","title":{"rendered":"Nouvelle exposition"},"content":{"rendered":"<p>Cette exposition se tient pr\u00e9sentement au restaurant Le Caf\u00e9 du Vieux Beloeil ,934,Richelieu,Beloeil. Les heures d&#8217;ouverture sont le mardi,mercredi et dimanche de 7 h \u00e0 15h et le jeudi,vendredi et samedi de 7h \u00e0 19h. Bienvenue \u00e0 tous et \u00e0 toutes et si vous avez un coup de coeur pour une de mes oeuvres et que vous d\u00e9sirez l&#8217;obtenir, contactez-moi au (450) 467-0688. Ce sera un plaisir de vous rencontrer et de satisfaire \u00e0 votre demande.<\/p>\n<p>&nbsp;<\/p>\n<p>&nbsp;<\/p>\n<p>&nbsp;<\/p>\n<p>&nbsp;<\/p>\n","protected":false},"excerpt":{"rendered":"<p>Cette exposition se tient pr\u00e9sentement au restaurant Le Caf\u00e9 du Vieux Beloeil ,934,Richelieu,Beloeil. Les heures d&#8217;ouverture sont le mardi,mercredi et dimanche de 7 h \u00e0 15h et le jeudi,vendredi et samedi de 7h \u00e0 19h. Bienvenue \u00e0 tous et \u00e0 toutes et si vous avez un coup de coeur pour une de mes oeuvres et &#8230; <\/p>\n<p class=\"read-more-container\"><a title=\"Nouvelle exposition\" class=\"read-more button\" href=\"https:\/\/aapars.com\/pyerrette-campbell\/2017\/03\/05\/nouvelle-exposition\/#more-67\" aria-label=\"En savoir plus sur Nouvelle exposition\">Lire plus<\/a><\/p>\n","protected":false},"author":440,"featured_media":68,"comment_status":"open","ping_status":"open","sticky":false,"template":"","format":"standard","meta":{"_s2mail":"yes","ngg_post_thumbnail":0,"iawp_total_views":6,"footnotes":""},"categories":[3],"tags":[],"class_list":["post-67","post","type-post","status-publish","format-standard","has-post-thumbnail","hentry","category-nouvelles","generate-columns","tablet-grid-50","mobile-grid-100","grid-parent","grid-50"],"yoast_head":"<!-- This site is optimized with the Yoast SEO plugin v27.5 - https:\/\/yoast.com\/product\/yoast-seo-wordpress\/ -->\n<title>Nouvelle exposition - Pyerrette Campbell - Un site de la galerie virtuelle de l\u2019AAPARS<\/title>\n<meta name=\"description\" content=\"Cette exposition se tient pr\u00e9sentement au restaurant Le Caf\u00e9 du Vieux Beloeil ,934,Richelieu,Beloeil. Les heures d&#039;ouverture sont le mardi,mercredi et\" \/>\n<meta name=\"robots\" content=\"index, follow, max-snippet:-1, max-image-preview:large, max-video-preview:-1\" \/>\n<link rel=\"canonical\" href=\"https:\/\/aapars.com\/pyerrette-campbell\/2017\/03\/05\/nouvelle-exposition\/\" \/>\n<meta property=\"og:locale\" content=\"fr_FR\" \/>\n<meta property=\"og:type\" content=\"article\" \/>\n<meta property=\"og:title\" content=\"Nouvelle exposition - Pyerrette Campbell - Un site de la galerie virtuelle de l\u2019AAPARS\" \/>\n<meta property=\"og:description\" content=\"Cette exposition se tient pr\u00e9sentement au restaurant Le Caf\u00e9 du Vieux Beloeil ,934,Richelieu,Beloeil. Les heures d&#039;ouverture sont le mardi,mercredi et\" \/>\n<meta property=\"og:url\" content=\"https:\/\/aapars.com\/pyerrette-campbell\/2017\/03\/05\/nouvelle-exposition\/\" \/>\n<meta property=\"og:site_name\" content=\"Pyerrette Campbell\" \/>\n<meta property=\"article:published_time\" content=\"2017-03-05T19:06:59+00:00\" \/>\n<meta property=\"og:image\" content=\"https:\/\/aapars.com\/pyerrette-campbell\/files\/2017\/03\/petite-fille.jpg\" \/>\n\t<meta property=\"og:image:width\" content=\"768\" \/>\n\t<meta property=\"og:image:height\" content=\"1024\" \/>\n\t<meta property=\"og:image:type\" content=\"image\/jpeg\" \/>\n<meta name=\"author\" content=\"Pyerrette Campbell\" \/>\n<meta name=\"twitter:label1\" content=\"\u00c9crit par\" \/>\n\t<meta name=\"twitter:data1\" content=\"Pyerrette Campbell\" \/>\n<script type=\"application\/ld+json\" class=\"yoast-schema-graph\">{\"@context\":\"https:\\\/\\\/schema.org\",\"@graph\":[{\"@type\":\"Article\",\"@id\":\"https:\\\/\\\/aapars.com\\\/pyerrette-campbell\\\/2017\\\/03\\\/05\\\/nouvelle-exposition\\\/#article\",\"isPartOf\":{\"@id\":\"https:\\\/\\\/aapars.com\\\/pyerrette-campbell\\\/2017\\\/03\\\/05\\\/nouvelle-exposition\\\/\"},\"author\":{\"name\":\"Pyerrette Campbell\",\"@id\":\"https:\\\/\\\/aapars.com\\\/pyerrette-campbell\\\/#\\\/schema\\\/person\\\/894e2cd2c3ce0ba3821b72c17b2133c3\"},\"headline\":\"Nouvelle exposition\",\"datePublished\":\"2017-03-05T19:06:59+00:00\",\"mainEntityOfPage\":{\"@id\":\"https:\\\/\\\/aapars.com\\\/pyerrette-campbell\\\/2017\\\/03\\\/05\\\/nouvelle-exposition\\\/\"},\"wordCount\":82,\"commentCount\":0,\"publisher\":{\"@id\":\"https:\\\/\\\/aapars.com\\\/pyerrette-campbell\\\/#organization\"},\"image\":{\"@id\":\"https:\\\/\\\/aapars.com\\\/pyerrette-campbell\\\/2017\\\/03\\\/05\\\/nouvelle-exposition\\\/#primaryimage\"},\"thumbnailUrl\":\"https:\\\/\\\/aapars.com\\\/pyerrette-campbell\\\/files\\\/2017\\\/03\\\/petite-fille.jpg\",\"articleSection\":[\"Nouvelles\"],\"inLanguage\":\"fr-FR\",\"potentialAction\":[{\"@type\":\"CommentAction\",\"name\":\"Comment\",\"target\":[\"https:\\\/\\\/aapars.com\\\/pyerrette-campbell\\\/2017\\\/03\\\/05\\\/nouvelle-exposition\\\/#respond\"]}]},{\"@type\":\"WebPage\",\"@id\":\"https:\\\/\\\/aapars.com\\\/pyerrette-campbell\\\/2017\\\/03\\\/05\\\/nouvelle-exposition\\\/\",\"url\":\"https:\\\/\\\/aapars.com\\\/pyerrette-campbell\\\/2017\\\/03\\\/05\\\/nouvelle-exposition\\\/\",\"name\":\"Nouvelle exposition - Pyerrette Campbell - Un site de la galerie virtuelle de l\u2019AAPARS\",\"isPartOf\":{\"@id\":\"https:\\\/\\\/aapars.com\\\/pyerrette-campbell\\\/#website\"},\"primaryImageOfPage\":{\"@id\":\"https:\\\/\\\/aapars.com\\\/pyerrette-campbell\\\/2017\\\/03\\\/05\\\/nouvelle-exposition\\\/#primaryimage\"},\"image\":{\"@id\":\"https:\\\/\\\/aapars.com\\\/pyerrette-campbell\\\/2017\\\/03\\\/05\\\/nouvelle-exposition\\\/#primaryimage\"},\"thumbnailUrl\":\"https:\\\/\\\/aapars.com\\\/pyerrette-campbell\\\/files\\\/2017\\\/03\\\/petite-fille.jpg\",\"datePublished\":\"2017-03-05T19:06:59+00:00\",\"description\":\"Cette exposition se tient pr\u00e9sentement au restaurant Le Caf\u00e9 du Vieux Beloeil ,934,Richelieu,Beloeil. Les heures d'ouverture sont le mardi,mercredi et\",\"breadcrumb\":{\"@id\":\"https:\\\/\\\/aapars.com\\\/pyerrette-campbell\\\/2017\\\/03\\\/05\\\/nouvelle-exposition\\\/#breadcrumb\"},\"inLanguage\":\"fr-FR\",\"potentialAction\":[{\"@type\":\"ReadAction\",\"target\":[\"https:\\\/\\\/aapars.com\\\/pyerrette-campbell\\\/2017\\\/03\\\/05\\\/nouvelle-exposition\\\/\"]}]},{\"@type\":\"ImageObject\",\"inLanguage\":\"fr-FR\",\"@id\":\"https:\\\/\\\/aapars.com\\\/pyerrette-campbell\\\/2017\\\/03\\\/05\\\/nouvelle-exposition\\\/#primaryimage\",\"url\":\"https:\\\/\\\/aapars.com\\\/pyerrette-campbell\\\/files\\\/2017\\\/03\\\/petite-fille.jpg\",\"contentUrl\":\"https:\\\/\\\/aapars.com\\\/pyerrette-campbell\\\/files\\\/2017\\\/03\\\/petite-fille.jpg\",\"width\":768,\"height\":1024},{\"@type\":\"BreadcrumbList\",\"@id\":\"https:\\\/\\\/aapars.com\\\/pyerrette-campbell\\\/2017\\\/03\\\/05\\\/nouvelle-exposition\\\/#breadcrumb\",\"itemListElement\":[{\"@type\":\"ListItem\",\"position\":1,\"name\":\"Accueil\",\"item\":\"https:\\\/\\\/aapars.com\\\/pyerrette-campbell\\\/\"},{\"@type\":\"ListItem\",\"position\":2,\"name\":\"Nouvelle exposition\"}]},{\"@type\":\"WebSite\",\"@id\":\"https:\\\/\\\/aapars.com\\\/pyerrette-campbell\\\/#website\",\"url\":\"https:\\\/\\\/aapars.com\\\/pyerrette-campbell\\\/\",\"name\":\"Pyerrette Campbell\",\"description\":\"Un site de la galerie virtuelle de l\u2019AAPARS\",\"publisher\":{\"@id\":\"https:\\\/\\\/aapars.com\\\/pyerrette-campbell\\\/#organization\"},\"potentialAction\":[{\"@type\":\"SearchAction\",\"target\":{\"@type\":\"EntryPoint\",\"urlTemplate\":\"https:\\\/\\\/aapars.com\\\/pyerrette-campbell\\\/?s={search_term_string}\"},\"query-input\":{\"@type\":\"PropertyValueSpecification\",\"valueRequired\":true,\"valueName\":\"search_term_string\"}}],\"inLanguage\":\"fr-FR\"},{\"@type\":\"Organization\",\"@id\":\"https:\\\/\\\/aapars.com\\\/pyerrette-campbell\\\/#organization\",\"name\":\"Pyerrette Campbell\",\"url\":\"https:\\\/\\\/aapars.com\\\/pyerrette-campbell\\\/\",\"logo\":{\"@type\":\"ImageObject\",\"inLanguage\":\"fr-FR\",\"@id\":\"https:\\\/\\\/aapars.com\\\/pyerrette-campbell\\\/#\\\/schema\\\/logo\\\/image\\\/\",\"url\":\"https:\\\/\\\/aapars.com\\\/pyerrette-campbell\\\/files\\\/2012\\\/04\\\/logo-aapars-@2x.png\",\"contentUrl\":\"https:\\\/\\\/aapars.com\\\/pyerrette-campbell\\\/files\\\/2012\\\/04\\\/logo-aapars-@2x.png\",\"width\":560,\"height\":306,\"caption\":\"Pyerrette Campbell\"},\"image\":{\"@id\":\"https:\\\/\\\/aapars.com\\\/pyerrette-campbell\\\/#\\\/schema\\\/logo\\\/image\\\/\"}},{\"@type\":\"Person\",\"@id\":\"https:\\\/\\\/aapars.com\\\/pyerrette-campbell\\\/#\\\/schema\\\/person\\\/894e2cd2c3ce0ba3821b72c17b2133c3\",\"name\":\"Pyerrette Campbell\",\"image\":{\"@type\":\"ImageObject\",\"inLanguage\":\"fr-FR\",\"@id\":\"https:\\\/\\\/secure.gravatar.com\\\/avatar\\\/4fc3216584bf6053aac2c072be82d69dbb06b2da2888e40bfa97720e022b3d73?s=96&d=mm&r=g\",\"url\":\"https:\\\/\\\/secure.gravatar.com\\\/avatar\\\/4fc3216584bf6053aac2c072be82d69dbb06b2da2888e40bfa97720e022b3d73?s=96&d=mm&r=g\",\"contentUrl\":\"https:\\\/\\\/secure.gravatar.com\\\/avatar\\\/4fc3216584bf6053aac2c072be82d69dbb06b2da2888e40bfa97720e022b3d73?s=96&d=mm&r=g\",\"caption\":\"Pyerrette Campbell\"},\"sameAs\":[\"http:\\\/\\\/www.pyerrettecampbell.wordpress.com\"]}]}<\/script>\n<!-- \/ Yoast SEO plugin. -->","yoast_head_json":{"title":"Nouvelle exposition - Pyerrette Campbell - Un site de la galerie virtuelle de l\u2019AAPARS","description":"Cette exposition se tient pr\u00e9sentement au restaurant Le Caf\u00e9 du Vieux Beloeil ,934,Richelieu,Beloeil. Les heures d'ouverture sont le mardi,mercredi et","robots":{"index":"index","follow":"follow","max-snippet":"max-snippet:-1","max-image-preview":"max-image-preview:large","max-video-preview":"max-video-preview:-1"},"canonical":"https:\/\/aapars.com\/pyerrette-campbell\/2017\/03\/05\/nouvelle-exposition\/","og_locale":"fr_FR","og_type":"article","og_title":"Nouvelle exposition - Pyerrette Campbell - Un site de la galerie virtuelle de l\u2019AAPARS","og_description":"Cette exposition se tient pr\u00e9sentement au restaurant Le Caf\u00e9 du Vieux Beloeil ,934,Richelieu,Beloeil. Les heures d'ouverture sont le mardi,mercredi et","og_url":"https:\/\/aapars.com\/pyerrette-campbell\/2017\/03\/05\/nouvelle-exposition\/","og_site_name":"Pyerrette Campbell","article_published_time":"2017-03-05T19:06:59+00:00","og_image":[{"width":768,"height":1024,"url":"https:\/\/aapars.com\/pyerrette-campbell\/files\/2017\/03\/petite-fille.jpg","type":"image\/jpeg"}],"author":"Pyerrette Campbell","twitter_misc":{"\u00c9crit par":"Pyerrette Campbell"},"schema":{"@context":"https:\/\/schema.org","@graph":[{"@type":"Article","@id":"https:\/\/aapars.com\/pyerrette-campbell\/2017\/03\/05\/nouvelle-exposition\/#article","isPartOf":{"@id":"https:\/\/aapars.com\/pyerrette-campbell\/2017\/03\/05\/nouvelle-exposition\/"},"author":{"name":"Pyerrette Campbell","@id":"https:\/\/aapars.com\/pyerrette-campbell\/#\/schema\/person\/894e2cd2c3ce0ba3821b72c17b2133c3"},"headline":"Nouvelle exposition","datePublished":"2017-03-05T19:06:59+00:00","mainEntityOfPage":{"@id":"https:\/\/aapars.com\/pyerrette-campbell\/2017\/03\/05\/nouvelle-exposition\/"},"wordCount":82,"commentCount":0,"publisher":{"@id":"https:\/\/aapars.com\/pyerrette-campbell\/#organization"},"image":{"@id":"https:\/\/aapars.com\/pyerrette-campbell\/2017\/03\/05\/nouvelle-exposition\/#primaryimage"},"thumbnailUrl":"https:\/\/aapars.com\/pyerrette-campbell\/files\/2017\/03\/petite-fille.jpg","articleSection":["Nouvelles"],"inLanguage":"fr-FR","potentialAction":[{"@type":"CommentAction","name":"Comment","target":["https:\/\/aapars.com\/pyerrette-campbell\/2017\/03\/05\/nouvelle-exposition\/#respond"]}]},{"@type":"WebPage","@id":"https:\/\/aapars.com\/pyerrette-campbell\/2017\/03\/05\/nouvelle-exposition\/","url":"https:\/\/aapars.com\/pyerrette-campbell\/2017\/03\/05\/nouvelle-exposition\/","name":"Nouvelle exposition - Pyerrette Campbell - Un site de la galerie virtuelle de l\u2019AAPARS","isPartOf":{"@id":"https:\/\/aapars.com\/pyerrette-campbell\/#website"},"primaryImageOfPage":{"@id":"https:\/\/aapars.com\/pyerrette-campbell\/2017\/03\/05\/nouvelle-exposition\/#primaryimage"},"image":{"@id":"https:\/\/aapars.com\/pyerrette-campbell\/2017\/03\/05\/nouvelle-exposition\/#primaryimage"},"thumbnailUrl":"https:\/\/aapars.com\/pyerrette-campbell\/files\/2017\/03\/petite-fille.jpg","datePublished":"2017-03-05T19:06:59+00:00","description":"Cette exposition se tient pr\u00e9sentement au restaurant Le Caf\u00e9 du Vieux Beloeil ,934,Richelieu,Beloeil. Les heures d'ouverture sont le mardi,mercredi et","breadcrumb":{"@id":"https:\/\/aapars.com\/pyerrette-campbell\/2017\/03\/05\/nouvelle-exposition\/#breadcrumb"},"inLanguage":"fr-FR","potentialAction":[{"@type":"ReadAction","target":["https:\/\/aapars.com\/pyerrette-campbell\/2017\/03\/05\/nouvelle-exposition\/"]}]},{"@type":"ImageObject","inLanguage":"fr-FR","@id":"https:\/\/aapars.com\/pyerrette-campbell\/2017\/03\/05\/nouvelle-exposition\/#primaryimage","url":"https:\/\/aapars.com\/pyerrette-campbell\/files\/2017\/03\/petite-fille.jpg","contentUrl":"https:\/\/aapars.com\/pyerrette-campbell\/files\/2017\/03\/petite-fille.jpg","width":768,"height":1024},{"@type":"BreadcrumbList","@id":"https:\/\/aapars.com\/pyerrette-campbell\/2017\/03\/05\/nouvelle-exposition\/#breadcrumb","itemListElement":[{"@type":"ListItem","position":1,"name":"Accueil","item":"https:\/\/aapars.com\/pyerrette-campbell\/"},{"@type":"ListItem","position":2,"name":"Nouvelle exposition"}]},{"@type":"WebSite","@id":"https:\/\/aapars.com\/pyerrette-campbell\/#website","url":"https:\/\/aapars.com\/pyerrette-campbell\/","name":"Pyerrette Campbell","description":"Un site de la galerie virtuelle de l\u2019AAPARS","publisher":{"@id":"https:\/\/aapars.com\/pyerrette-campbell\/#organization"},"potentialAction":[{"@type":"SearchAction","target":{"@type":"EntryPoint","urlTemplate":"https:\/\/aapars.com\/pyerrette-campbell\/?s={search_term_string}"},"query-input":{"@type":"PropertyValueSpecification","valueRequired":true,"valueName":"search_term_string"}}],"inLanguage":"fr-FR"},{"@type":"Organization","@id":"https:\/\/aapars.com\/pyerrette-campbell\/#organization","name":"Pyerrette Campbell","url":"https:\/\/aapars.com\/pyerrette-campbell\/","logo":{"@type":"ImageObject","inLanguage":"fr-FR","@id":"https:\/\/aapars.com\/pyerrette-campbell\/#\/schema\/logo\/image\/","url":"https:\/\/aapars.com\/pyerrette-campbell\/files\/2012\/04\/logo-aapars-@2x.png","contentUrl":"https:\/\/aapars.com\/pyerrette-campbell\/files\/2012\/04\/logo-aapars-@2x.png","width":560,"height":306,"caption":"Pyerrette Campbell"},"image":{"@id":"https:\/\/aapars.com\/pyerrette-campbell\/#\/schema\/logo\/image\/"}},{"@type":"Person","@id":"https:\/\/aapars.com\/pyerrette-campbell\/#\/schema\/person\/894e2cd2c3ce0ba3821b72c17b2133c3","name":"Pyerrette Campbell","image":{"@type":"ImageObject","inLanguage":"fr-FR","@id":"https:\/\/secure.gravatar.com\/avatar\/4fc3216584bf6053aac2c072be82d69dbb06b2da2888e40bfa97720e022b3d73?s=96&d=mm&r=g","url":"https:\/\/secure.gravatar.com\/avatar\/4fc3216584bf6053aac2c072be82d69dbb06b2da2888e40bfa97720e022b3d73?s=96&d=mm&r=g","contentUrl":"https:\/\/secure.gravatar.com\/avatar\/4fc3216584bf6053aac2c072be82d69dbb06b2da2888e40bfa97720e022b3d73?s=96&d=mm&r=g","caption":"Pyerrette Campbell"},"sameAs":["http:\/\/www.pyerrettecampbell.wordpress.com"]}]}},"_links":{"self":[{"href":"https:\/\/aapars.com\/pyerrette-campbell\/wp-json\/wp\/v2\/posts\/67","targetHints":{"allow":["GET"]}}],"collection":[{"href":"https:\/\/aapars.com\/pyerrette-campbell\/wp-json\/wp\/v2\/posts"}],"about":[{"href":"https:\/\/aapars.com\/pyerrette-campbell\/wp-json\/wp\/v2\/types\/post"}],"author":[{"embeddable":true,"href":"https:\/\/aapars.com\/pyerrette-campbell\/wp-json\/wp\/v2\/users\/440"}],"replies":[{"embeddable":true,"href":"https:\/\/aapars.com\/pyerrette-campbell\/wp-json\/wp\/v2\/comments?post=67"}],"version-history":[{"count":0,"href":"https:\/\/aapars.com\/pyerrette-campbell\/wp-json\/wp\/v2\/posts\/67\/revisions"}],"wp:featuredmedia":[{"embeddable":true,"href":"https:\/\/aapars.com\/pyerrette-campbell\/wp-json\/wp\/v2\/media\/68"}],"wp:attachment":[{"href":"https:\/\/aapars.com\/pyerrette-campbell\/wp-json\/wp\/v2\/media?parent=67"}],"wp:term":[{"taxonomy":"category","embeddable":true,"href":"https:\/\/aapars.com\/pyerrette-campbell\/wp-json\/wp\/v2\/categories?post=67"},{"taxonomy":"post_tag","embeddable":true,"href":"https:\/\/aapars.com\/pyerrette-campbell\/wp-json\/wp\/v2\/tags?post=67"}],"curies":[{"name":"wp","href":"https:\/\/api.w.org\/{rel}","templated":true}]}}