{"id":66,"date":"2017-03-17T21:30:23","date_gmt":"2017-03-18T01:30:23","guid":{"rendered":"https:\/\/aapars.com\/monique-cote\/?p=66"},"modified":"2017-03-17T12:01:10","modified_gmt":"2017-03-17T16:01:10","slug":"vernissage-a-corporation-fort-st-jean","status":"publish","type":"post","link":"https:\/\/aapars.com\/monique-cote\/2017\/03\/17\/vernissage-a-corporation-fort-st-jean\/","title":{"rendered":"Vernissage \u00e0 la Corporation du Fort St-Jean"},"content":{"rendered":"<p>D\u00fb \u00e0 des circonstances hors de notre contr\u00f4le, le vernissage a \u00e9t\u00e9 report\u00e9 au 22 mars 2017 \u00e0 compter de 17h.<\/p>\n<p>J&#8217;exposerai\u00a0<a href=\"http:\/\/www.cooparto.com\/?evenement=les-fleurs-de-mon-jardin\" target=\"_blank\">les fleurs de mon jardin<\/a>\u00a0du 15 mars au 10 mai \u00a0\u00e0 la Corporation du Fort Saint-Jean.<\/p>\n<p><strong>Corporation du Fort St-Jean<\/strong><br \/>\n<strong>Salle Grand Fort\u00a0du Pavillon Dextraze du Coll\u00e8ge militaire.<\/strong><br \/>\n<a href=\"https:\/\/www.google.ca\/maps\/place\/15+Rue+Jacques-Cartier+N,+Saint-Jean-sur-Richelieu,+QC+J3B+8R8\/@45.2987059,-73.2534458,17z\/data=!3m1!4b1!4m5!3m4!1s0x4cc9a25c02f9ad73:0x12d2f4bf76997475!8m2!3d45.2987059!4d-73.2512571\" target=\"_blank\">15, rue Jacques-Cartier Nord,\u00a0Saint-Jean-sur-Richelieu (Qc) J3B 8R8<\/a><\/p>\n","protected":false},"excerpt":{"rendered":"<p>D\u00fb \u00e0 des circonstances hors de notre contr\u00f4le, le vernissage a \u00e9t\u00e9 report\u00e9 au 22 mars 2017 \u00e0 compter de 17h. J&#8217;exposerai\u00a0les fleurs de mon jardin\u00a0du 15 mars au 10 mai \u00a0\u00e0 la Corporation du Fort Saint-Jean. Corporation du Fort St-Jean Salle Grand Fort\u00a0du Pavillon Dextraze du Coll\u00e8ge militaire. 15, rue Jacques-Cartier Nord,\u00a0Saint-Jean-sur-Richelieu (Qc) J3B &#8230; <\/p>\n<p class=\"read-more-container\"><a title=\"Vernissage \u00e0 la Corporation du Fort St-Jean\" class=\"read-more button\" href=\"https:\/\/aapars.com\/monique-cote\/2017\/03\/17\/vernissage-a-corporation-fort-st-jean\/#more-66\" aria-label=\"En savoir plus sur Vernissage \u00e0 la Corporation du Fort St-Jean\">Lire plus<\/a><\/p>\n","protected":false},"author":558,"featured_media":67,"comment_status":"open","ping_status":"open","sticky":false,"template":"","format":"standard","meta":{"_s2mail":"yes","ngg_post_thumbnail":0,"iawp_total_views":1,"footnotes":""},"categories":[19,3],"tags":[],"class_list":["post-66","post","type-post","status-publish","format-standard","has-post-thumbnail","hentry","category-exposition","category-nouvelles","generate-columns","tablet-grid-50","mobile-grid-100","grid-parent","grid-50"],"yoast_head":"<!-- This site is optimized with the Yoast SEO plugin v27.5 - https:\/\/yoast.com\/product\/yoast-seo-wordpress\/ -->\n<title>Vernissage \u00e0 la Corporation du Fort St-Jean - Monique C\u00f4t\u00e9 - Un site de la galerie virtuelle de l&#039;AAPARS<\/title>\n<meta name=\"description\" content=\"D\u00fb \u00e0 des circonstances hors de notre contr\u00f4le, le vernissage a \u00e9t\u00e9 report\u00e9 au 22 mars 2017 \u00e0 compter de 17h. J&#039;exposerai\u00a0les fleurs de mon jardin\u00a0du 15\" \/>\n<meta name=\"robots\" content=\"index, follow, max-snippet:-1, max-image-preview:large, max-video-preview:-1\" \/>\n<link rel=\"canonical\" href=\"https:\/\/aapars.com\/monique-cote\/2017\/03\/17\/vernissage-a-corporation-fort-st-jean\/\" \/>\n<meta property=\"og:locale\" content=\"fr_FR\" \/>\n<meta property=\"og:type\" content=\"article\" \/>\n<meta property=\"og:title\" content=\"Vernissage \u00e0 la Corporation du Fort St-Jean - Monique C\u00f4t\u00e9 - Un site de la galerie virtuelle de l&#039;AAPARS\" \/>\n<meta property=\"og:description\" content=\"D\u00fb \u00e0 des circonstances hors de notre contr\u00f4le, le vernissage a \u00e9t\u00e9 report\u00e9 au 22 mars 2017 \u00e0 compter de 17h. J&#039;exposerai\u00a0les fleurs de mon jardin\u00a0du 15\" \/>\n<meta property=\"og:url\" content=\"https:\/\/aapars.com\/monique-cote\/2017\/03\/17\/vernissage-a-corporation-fort-st-jean\/\" \/>\n<meta property=\"og:site_name\" content=\"Monique C\u00f4t\u00e9\" \/>\n<meta property=\"article:published_time\" content=\"2017-03-18T01:30:23+00:00\" \/>\n<meta property=\"og:image\" content=\"https:\/\/aapars.com\/monique-cote\/files\/2017\/03\/Report.jpg\" \/>\n\t<meta property=\"og:image:width\" content=\"896\" \/>\n\t<meta property=\"og:image:height\" content=\"1024\" \/>\n\t<meta property=\"og:image:type\" content=\"image\/jpeg\" \/>\n<meta name=\"author\" content=\"Monique C\u00f4t\u00e9\" \/>\n<meta name=\"twitter:label1\" content=\"\u00c9crit par\" \/>\n\t<meta name=\"twitter:data1\" content=\"Monique C\u00f4t\u00e9\" \/>\n<script type=\"application\/ld+json\" class=\"yoast-schema-graph\">{\"@context\":\"https:\\\/\\\/schema.org\",\"@graph\":[{\"@type\":\"Article\",\"@id\":\"https:\\\/\\\/aapars.com\\\/monique-cote\\\/2017\\\/03\\\/17\\\/vernissage-a-corporation-fort-st-jean\\\/#article\",\"isPartOf\":{\"@id\":\"https:\\\/\\\/aapars.com\\\/monique-cote\\\/2017\\\/03\\\/17\\\/vernissage-a-corporation-fort-st-jean\\\/\"},\"author\":{\"name\":\"Monique C\u00f4t\u00e9\",\"@id\":\"https:\\\/\\\/aapars.com\\\/monique-cote\\\/#\\\/schema\\\/person\\\/a57f09d09c4828afe3b0467bdd3a5c7f\"},\"headline\":\"Vernissage \u00e0 la Corporation du Fort St-Jean\",\"datePublished\":\"2017-03-18T01:30:23+00:00\",\"mainEntityOfPage\":{\"@id\":\"https:\\\/\\\/aapars.com\\\/monique-cote\\\/2017\\\/03\\\/17\\\/vernissage-a-corporation-fort-st-jean\\\/\"},\"wordCount\":62,\"commentCount\":0,\"publisher\":{\"@id\":\"https:\\\/\\\/aapars.com\\\/monique-cote\\\/#organization\"},\"image\":{\"@id\":\"https:\\\/\\\/aapars.com\\\/monique-cote\\\/2017\\\/03\\\/17\\\/vernissage-a-corporation-fort-st-jean\\\/#primaryimage\"},\"thumbnailUrl\":\"https:\\\/\\\/aapars.com\\\/monique-cote\\\/files\\\/2017\\\/03\\\/Report.jpg\",\"articleSection\":[\"exposition\",\"Nouvelles\"],\"inLanguage\":\"fr-FR\",\"potentialAction\":[{\"@type\":\"CommentAction\",\"name\":\"Comment\",\"target\":[\"https:\\\/\\\/aapars.com\\\/monique-cote\\\/2017\\\/03\\\/17\\\/vernissage-a-corporation-fort-st-jean\\\/#respond\"]}]},{\"@type\":\"WebPage\",\"@id\":\"https:\\\/\\\/aapars.com\\\/monique-cote\\\/2017\\\/03\\\/17\\\/vernissage-a-corporation-fort-st-jean\\\/\",\"url\":\"https:\\\/\\\/aapars.com\\\/monique-cote\\\/2017\\\/03\\\/17\\\/vernissage-a-corporation-fort-st-jean\\\/\",\"name\":\"Vernissage \u00e0 la Corporation du Fort St-Jean - Monique C\u00f4t\u00e9 - Un site de la galerie virtuelle de l&#039;AAPARS\",\"isPartOf\":{\"@id\":\"https:\\\/\\\/aapars.com\\\/monique-cote\\\/#website\"},\"primaryImageOfPage\":{\"@id\":\"https:\\\/\\\/aapars.com\\\/monique-cote\\\/2017\\\/03\\\/17\\\/vernissage-a-corporation-fort-st-jean\\\/#primaryimage\"},\"image\":{\"@id\":\"https:\\\/\\\/aapars.com\\\/monique-cote\\\/2017\\\/03\\\/17\\\/vernissage-a-corporation-fort-st-jean\\\/#primaryimage\"},\"thumbnailUrl\":\"https:\\\/\\\/aapars.com\\\/monique-cote\\\/files\\\/2017\\\/03\\\/Report.jpg\",\"datePublished\":\"2017-03-18T01:30:23+00:00\",\"description\":\"D\u00fb \u00e0 des circonstances hors de notre contr\u00f4le, le vernissage a \u00e9t\u00e9 report\u00e9 au 22 mars 2017 \u00e0 compter de 17h. J'exposerai\u00a0les fleurs de mon jardin\u00a0du 15\",\"breadcrumb\":{\"@id\":\"https:\\\/\\\/aapars.com\\\/monique-cote\\\/2017\\\/03\\\/17\\\/vernissage-a-corporation-fort-st-jean\\\/#breadcrumb\"},\"inLanguage\":\"fr-FR\",\"potentialAction\":[{\"@type\":\"ReadAction\",\"target\":[\"https:\\\/\\\/aapars.com\\\/monique-cote\\\/2017\\\/03\\\/17\\\/vernissage-a-corporation-fort-st-jean\\\/\"]}]},{\"@type\":\"ImageObject\",\"inLanguage\":\"fr-FR\",\"@id\":\"https:\\\/\\\/aapars.com\\\/monique-cote\\\/2017\\\/03\\\/17\\\/vernissage-a-corporation-fort-st-jean\\\/#primaryimage\",\"url\":\"https:\\\/\\\/aapars.com\\\/monique-cote\\\/files\\\/2017\\\/03\\\/Report.jpg\",\"contentUrl\":\"https:\\\/\\\/aapars.com\\\/monique-cote\\\/files\\\/2017\\\/03\\\/Report.jpg\",\"width\":896,\"height\":1024},{\"@type\":\"BreadcrumbList\",\"@id\":\"https:\\\/\\\/aapars.com\\\/monique-cote\\\/2017\\\/03\\\/17\\\/vernissage-a-corporation-fort-st-jean\\\/#breadcrumb\",\"itemListElement\":[{\"@type\":\"ListItem\",\"position\":1,\"name\":\"Accueil\",\"item\":\"https:\\\/\\\/aapars.com\\\/monique-cote\\\/\"},{\"@type\":\"ListItem\",\"position\":2,\"name\":\"Vernissage \u00e0 la Corporation du Fort St-Jean\"}]},{\"@type\":\"WebSite\",\"@id\":\"https:\\\/\\\/aapars.com\\\/monique-cote\\\/#website\",\"url\":\"https:\\\/\\\/aapars.com\\\/monique-cote\\\/\",\"name\":\"Monique C\u00f4t\u00e9\",\"description\":\"Un site de la galerie virtuelle de l&#039;AAPARS\",\"publisher\":{\"@id\":\"https:\\\/\\\/aapars.com\\\/monique-cote\\\/#organization\"},\"potentialAction\":[{\"@type\":\"SearchAction\",\"target\":{\"@type\":\"EntryPoint\",\"urlTemplate\":\"https:\\\/\\\/aapars.com\\\/monique-cote\\\/?s={search_term_string}\"},\"query-input\":{\"@type\":\"PropertyValueSpecification\",\"valueRequired\":true,\"valueName\":\"search_term_string\"}}],\"inLanguage\":\"fr-FR\"},{\"@type\":\"Organization\",\"@id\":\"https:\\\/\\\/aapars.com\\\/monique-cote\\\/#organization\",\"name\":\"Monique C\u00f4t\u00e9\",\"url\":\"https:\\\/\\\/aapars.com\\\/monique-cote\\\/\",\"logo\":{\"@type\":\"ImageObject\",\"inLanguage\":\"fr-FR\",\"@id\":\"https:\\\/\\\/aapars.com\\\/monique-cote\\\/#\\\/schema\\\/logo\\\/image\\\/\",\"url\":\"https:\\\/\\\/aapars.com\\\/monique-cote\\\/files\\\/2012\\\/04\\\/logo-aapars-@2x.png\",\"contentUrl\":\"https:\\\/\\\/aapars.com\\\/monique-cote\\\/files\\\/2012\\\/04\\\/logo-aapars-@2x.png\",\"width\":560,\"height\":306,\"caption\":\"Monique C\u00f4t\u00e9\"},\"image\":{\"@id\":\"https:\\\/\\\/aapars.com\\\/monique-cote\\\/#\\\/schema\\\/logo\\\/image\\\/\"}},{\"@type\":\"Person\",\"@id\":\"https:\\\/\\\/aapars.com\\\/monique-cote\\\/#\\\/schema\\\/person\\\/a57f09d09c4828afe3b0467bdd3a5c7f\",\"name\":\"Monique C\u00f4t\u00e9\",\"image\":{\"@type\":\"ImageObject\",\"inLanguage\":\"fr-FR\",\"@id\":\"https:\\\/\\\/secure.gravatar.com\\\/avatar\\\/bbba453597dc455be886b7eeec00d211e57fdc71dbff86df1738496e6aed8619?s=96&d=mm&r=g\",\"url\":\"https:\\\/\\\/secure.gravatar.com\\\/avatar\\\/bbba453597dc455be886b7eeec00d211e57fdc71dbff86df1738496e6aed8619?s=96&d=mm&r=g\",\"contentUrl\":\"https:\\\/\\\/secure.gravatar.com\\\/avatar\\\/bbba453597dc455be886b7eeec00d211e57fdc71dbff86df1738496e6aed8619?s=96&d=mm&r=g\",\"caption\":\"Monique C\u00f4t\u00e9\"}}]}<\/script>\n<!-- \/ Yoast SEO plugin. -->","yoast_head_json":{"title":"Vernissage \u00e0 la Corporation du Fort St-Jean - Monique C\u00f4t\u00e9 - Un site de la galerie virtuelle de l&#039;AAPARS","description":"D\u00fb \u00e0 des circonstances hors de notre contr\u00f4le, le vernissage a \u00e9t\u00e9 report\u00e9 au 22 mars 2017 \u00e0 compter de 17h. J'exposerai\u00a0les fleurs de mon jardin\u00a0du 15","robots":{"index":"index","follow":"follow","max-snippet":"max-snippet:-1","max-image-preview":"max-image-preview:large","max-video-preview":"max-video-preview:-1"},"canonical":"https:\/\/aapars.com\/monique-cote\/2017\/03\/17\/vernissage-a-corporation-fort-st-jean\/","og_locale":"fr_FR","og_type":"article","og_title":"Vernissage \u00e0 la Corporation du Fort St-Jean - Monique C\u00f4t\u00e9 - Un site de la galerie virtuelle de l&#039;AAPARS","og_description":"D\u00fb \u00e0 des circonstances hors de notre contr\u00f4le, le vernissage a \u00e9t\u00e9 report\u00e9 au 22 mars 2017 \u00e0 compter de 17h. J'exposerai\u00a0les fleurs de mon jardin\u00a0du 15","og_url":"https:\/\/aapars.com\/monique-cote\/2017\/03\/17\/vernissage-a-corporation-fort-st-jean\/","og_site_name":"Monique C\u00f4t\u00e9","article_published_time":"2017-03-18T01:30:23+00:00","og_image":[{"width":896,"height":1024,"url":"https:\/\/aapars.com\/monique-cote\/files\/2017\/03\/Report.jpg","type":"image\/jpeg"}],"author":"Monique C\u00f4t\u00e9","twitter_misc":{"\u00c9crit par":"Monique C\u00f4t\u00e9"},"schema":{"@context":"https:\/\/schema.org","@graph":[{"@type":"Article","@id":"https:\/\/aapars.com\/monique-cote\/2017\/03\/17\/vernissage-a-corporation-fort-st-jean\/#article","isPartOf":{"@id":"https:\/\/aapars.com\/monique-cote\/2017\/03\/17\/vernissage-a-corporation-fort-st-jean\/"},"author":{"name":"Monique C\u00f4t\u00e9","@id":"https:\/\/aapars.com\/monique-cote\/#\/schema\/person\/a57f09d09c4828afe3b0467bdd3a5c7f"},"headline":"Vernissage \u00e0 la Corporation du Fort St-Jean","datePublished":"2017-03-18T01:30:23+00:00","mainEntityOfPage":{"@id":"https:\/\/aapars.com\/monique-cote\/2017\/03\/17\/vernissage-a-corporation-fort-st-jean\/"},"wordCount":62,"commentCount":0,"publisher":{"@id":"https:\/\/aapars.com\/monique-cote\/#organization"},"image":{"@id":"https:\/\/aapars.com\/monique-cote\/2017\/03\/17\/vernissage-a-corporation-fort-st-jean\/#primaryimage"},"thumbnailUrl":"https:\/\/aapars.com\/monique-cote\/files\/2017\/03\/Report.jpg","articleSection":["exposition","Nouvelles"],"inLanguage":"fr-FR","potentialAction":[{"@type":"CommentAction","name":"Comment","target":["https:\/\/aapars.com\/monique-cote\/2017\/03\/17\/vernissage-a-corporation-fort-st-jean\/#respond"]}]},{"@type":"WebPage","@id":"https:\/\/aapars.com\/monique-cote\/2017\/03\/17\/vernissage-a-corporation-fort-st-jean\/","url":"https:\/\/aapars.com\/monique-cote\/2017\/03\/17\/vernissage-a-corporation-fort-st-jean\/","name":"Vernissage \u00e0 la Corporation du Fort St-Jean - Monique C\u00f4t\u00e9 - Un site de la galerie virtuelle de l&#039;AAPARS","isPartOf":{"@id":"https:\/\/aapars.com\/monique-cote\/#website"},"primaryImageOfPage":{"@id":"https:\/\/aapars.com\/monique-cote\/2017\/03\/17\/vernissage-a-corporation-fort-st-jean\/#primaryimage"},"image":{"@id":"https:\/\/aapars.com\/monique-cote\/2017\/03\/17\/vernissage-a-corporation-fort-st-jean\/#primaryimage"},"thumbnailUrl":"https:\/\/aapars.com\/monique-cote\/files\/2017\/03\/Report.jpg","datePublished":"2017-03-18T01:30:23+00:00","description":"D\u00fb \u00e0 des circonstances hors de notre contr\u00f4le, le vernissage a \u00e9t\u00e9 report\u00e9 au 22 mars 2017 \u00e0 compter de 17h. J'exposerai\u00a0les fleurs de mon jardin\u00a0du 15","breadcrumb":{"@id":"https:\/\/aapars.com\/monique-cote\/2017\/03\/17\/vernissage-a-corporation-fort-st-jean\/#breadcrumb"},"inLanguage":"fr-FR","potentialAction":[{"@type":"ReadAction","target":["https:\/\/aapars.com\/monique-cote\/2017\/03\/17\/vernissage-a-corporation-fort-st-jean\/"]}]},{"@type":"ImageObject","inLanguage":"fr-FR","@id":"https:\/\/aapars.com\/monique-cote\/2017\/03\/17\/vernissage-a-corporation-fort-st-jean\/#primaryimage","url":"https:\/\/aapars.com\/monique-cote\/files\/2017\/03\/Report.jpg","contentUrl":"https:\/\/aapars.com\/monique-cote\/files\/2017\/03\/Report.jpg","width":896,"height":1024},{"@type":"BreadcrumbList","@id":"https:\/\/aapars.com\/monique-cote\/2017\/03\/17\/vernissage-a-corporation-fort-st-jean\/#breadcrumb","itemListElement":[{"@type":"ListItem","position":1,"name":"Accueil","item":"https:\/\/aapars.com\/monique-cote\/"},{"@type":"ListItem","position":2,"name":"Vernissage \u00e0 la Corporation du Fort St-Jean"}]},{"@type":"WebSite","@id":"https:\/\/aapars.com\/monique-cote\/#website","url":"https:\/\/aapars.com\/monique-cote\/","name":"Monique C\u00f4t\u00e9","description":"Un site de la galerie virtuelle de l&#039;AAPARS","publisher":{"@id":"https:\/\/aapars.com\/monique-cote\/#organization"},"potentialAction":[{"@type":"SearchAction","target":{"@type":"EntryPoint","urlTemplate":"https:\/\/aapars.com\/monique-cote\/?s={search_term_string}"},"query-input":{"@type":"PropertyValueSpecification","valueRequired":true,"valueName":"search_term_string"}}],"inLanguage":"fr-FR"},{"@type":"Organization","@id":"https:\/\/aapars.com\/monique-cote\/#organization","name":"Monique C\u00f4t\u00e9","url":"https:\/\/aapars.com\/monique-cote\/","logo":{"@type":"ImageObject","inLanguage":"fr-FR","@id":"https:\/\/aapars.com\/monique-cote\/#\/schema\/logo\/image\/","url":"https:\/\/aapars.com\/monique-cote\/files\/2012\/04\/logo-aapars-@2x.png","contentUrl":"https:\/\/aapars.com\/monique-cote\/files\/2012\/04\/logo-aapars-@2x.png","width":560,"height":306,"caption":"Monique C\u00f4t\u00e9"},"image":{"@id":"https:\/\/aapars.com\/monique-cote\/#\/schema\/logo\/image\/"}},{"@type":"Person","@id":"https:\/\/aapars.com\/monique-cote\/#\/schema\/person\/a57f09d09c4828afe3b0467bdd3a5c7f","name":"Monique C\u00f4t\u00e9","image":{"@type":"ImageObject","inLanguage":"fr-FR","@id":"https:\/\/secure.gravatar.com\/avatar\/bbba453597dc455be886b7eeec00d211e57fdc71dbff86df1738496e6aed8619?s=96&d=mm&r=g","url":"https:\/\/secure.gravatar.com\/avatar\/bbba453597dc455be886b7eeec00d211e57fdc71dbff86df1738496e6aed8619?s=96&d=mm&r=g","contentUrl":"https:\/\/secure.gravatar.com\/avatar\/bbba453597dc455be886b7eeec00d211e57fdc71dbff86df1738496e6aed8619?s=96&d=mm&r=g","caption":"Monique C\u00f4t\u00e9"}}]}},"_links":{"self":[{"href":"https:\/\/aapars.com\/monique-cote\/wp-json\/wp\/v2\/posts\/66","targetHints":{"allow":["GET"]}}],"collection":[{"href":"https:\/\/aapars.com\/monique-cote\/wp-json\/wp\/v2\/posts"}],"about":[{"href":"https:\/\/aapars.com\/monique-cote\/wp-json\/wp\/v2\/types\/post"}],"author":[{"embeddable":true,"href":"https:\/\/aapars.com\/monique-cote\/wp-json\/wp\/v2\/users\/558"}],"replies":[{"embeddable":true,"href":"https:\/\/aapars.com\/monique-cote\/wp-json\/wp\/v2\/comments?post=66"}],"version-history":[{"count":0,"href":"https:\/\/aapars.com\/monique-cote\/wp-json\/wp\/v2\/posts\/66\/revisions"}],"wp:featuredmedia":[{"embeddable":true,"href":"https:\/\/aapars.com\/monique-cote\/wp-json\/wp\/v2\/media\/67"}],"wp:attachment":[{"href":"https:\/\/aapars.com\/monique-cote\/wp-json\/wp\/v2\/media?parent=66"}],"wp:term":[{"taxonomy":"category","embeddable":true,"href":"https:\/\/aapars.com\/monique-cote\/wp-json\/wp\/v2\/categories?post=66"},{"taxonomy":"post_tag","embeddable":true,"href":"https:\/\/aapars.com\/monique-cote\/wp-json\/wp\/v2\/tags?post=66"}],"curies":[{"name":"wp","href":"https:\/\/api.w.org\/{rel}","templated":true}]}}