{"id":62,"date":"2017-03-02T21:24:19","date_gmt":"2017-03-03T02:24:19","guid":{"rendered":"https:\/\/aapars.com\/monique-cote\/?p=62"},"modified":"2017-03-02T21:24:19","modified_gmt":"2017-03-03T02:24:19","slug":"expo-galerie-aapars","status":"publish","type":"post","link":"https:\/\/aapars.com\/monique-cote\/2017\/03\/02\/expo-galerie-aapars\/","title":{"rendered":"Expo Galerie AAPARS"},"content":{"rendered":"<p>Pour une nouvelle fois, je participerai \u00e0 l&#8217;<strong>Expo Galerie<\/strong> organis\u00e9e par l&#8217;<strong>AAPARS<\/strong>. Cette ann\u00e9e l&#8217;exposition sera \u00e0 Boucherville au <strong>Centre multifonctionnel Francine-Gadbois<\/strong>.<\/p>\n<p>Le vernissage aura lieu le<em><strong> samedi 4 mars \u00e0 14 heures<\/strong><\/em>, o\u00f9 porto et chocolat seront servis.<\/p>\n<div class=\"text_exposed_show\">\n<p><strong>Samedi et dimanche, 4 et 5 mars prochains de 10 h \u00e0 17 h<\/strong><\/p>\n<p><a href=\"https:\/\/www.google.ca\/maps\/place\/1075+Rue+Lionel-Daunais,+Boucherville,+QC+J4B+8N5\/data=!4m2!3m1!1s0x4cc902c723498c7b:0x2dbc4086d9b6b37b?sa=X&amp;ved=0ahUKEwj_pazZornSAhVr4oMKHf2eCLMQ8gEIGTAA\" target=\"_blank\"><strong>1075 Rue Lionel-Daunais, Boucherville, QC J4B 8N5<\/strong><\/a><\/p>\n<\/div>\n","protected":false},"excerpt":{"rendered":"<p>Pour une nouvelle fois, je participerai \u00e0 l&#8217;Expo Galerie organis\u00e9e par l&#8217;AAPARS. Cette ann\u00e9e l&#8217;exposition sera \u00e0 Boucherville au Centre multifonctionnel Francine-Gadbois. Le vernissage aura lieu le samedi 4 mars \u00e0 14 heures, o\u00f9 porto et chocolat seront servis. Samedi et dimanche, 4 et 5 mars prochains de 10 h \u00e0 17 h 1075 Rue &#8230; <\/p>\n<p class=\"read-more-container\"><a title=\"Expo Galerie AAPARS\" class=\"read-more button\" href=\"https:\/\/aapars.com\/monique-cote\/2017\/03\/02\/expo-galerie-aapars\/#more-62\" aria-label=\"En savoir plus sur Expo Galerie AAPARS\">Lire plus<\/a><\/p>\n","protected":false},"author":558,"featured_media":60,"comment_status":"open","ping_status":"open","sticky":false,"template":"","format":"standard","meta":{"_s2mail":"yes","ngg_post_thumbnail":0,"iawp_total_views":2,"footnotes":""},"categories":[3],"tags":[],"class_list":["post-62","post","type-post","status-publish","format-standard","has-post-thumbnail","hentry","category-nouvelles","generate-columns","tablet-grid-50","mobile-grid-100","grid-parent","grid-50"],"yoast_head":"<!-- This site is optimized with the Yoast SEO plugin v27.5 - https:\/\/yoast.com\/product\/yoast-seo-wordpress\/ -->\n<title>Expo Galerie AAPARS - Monique C\u00f4t\u00e9 - Un site de la galerie virtuelle de l&#039;AAPARS<\/title>\n<meta name=\"description\" content=\"Pour une nouvelle fois, je participerai \u00e0 l&#039;Expo Galerie organis\u00e9e par l&#039;AAPARS. Cette ann\u00e9e l&#039;exposition sera \u00e0 Boucherville au Centre multifonctionnel\" \/>\n<meta name=\"robots\" content=\"index, follow, max-snippet:-1, max-image-preview:large, max-video-preview:-1\" \/>\n<link rel=\"canonical\" href=\"https:\/\/aapars.com\/monique-cote\/2017\/03\/02\/expo-galerie-aapars\/\" \/>\n<meta property=\"og:locale\" content=\"fr_FR\" \/>\n<meta property=\"og:type\" content=\"article\" \/>\n<meta property=\"og:title\" content=\"Expo Galerie AAPARS - Monique C\u00f4t\u00e9 - Un site de la galerie virtuelle de l&#039;AAPARS\" \/>\n<meta property=\"og:description\" content=\"Pour une nouvelle fois, je participerai \u00e0 l&#039;Expo Galerie organis\u00e9e par l&#039;AAPARS. Cette ann\u00e9e l&#039;exposition sera \u00e0 Boucherville au Centre multifonctionnel\" \/>\n<meta property=\"og:url\" content=\"https:\/\/aapars.com\/monique-cote\/2017\/03\/02\/expo-galerie-aapars\/\" \/>\n<meta property=\"og:site_name\" content=\"Monique C\u00f4t\u00e9\" \/>\n<meta property=\"article:published_time\" content=\"2017-03-03T02:24:19+00:00\" \/>\n<meta property=\"og:image\" content=\"https:\/\/aapars.com\/monique-cote\/files\/2017\/03\/Carton_expo_Mars2017_Recto.jpg\" \/>\n\t<meta property=\"og:image:width\" content=\"1350\" \/>\n\t<meta property=\"og:image:height\" content=\"563\" \/>\n\t<meta property=\"og:image:type\" content=\"image\/jpeg\" \/>\n<meta name=\"author\" content=\"Monique C\u00f4t\u00e9\" \/>\n<meta name=\"twitter:label1\" content=\"\u00c9crit par\" \/>\n\t<meta name=\"twitter:data1\" content=\"Monique C\u00f4t\u00e9\" \/>\n<script type=\"application\/ld+json\" class=\"yoast-schema-graph\">{\"@context\":\"https:\\\/\\\/schema.org\",\"@graph\":[{\"@type\":\"Article\",\"@id\":\"https:\\\/\\\/aapars.com\\\/monique-cote\\\/2017\\\/03\\\/02\\\/expo-galerie-aapars\\\/#article\",\"isPartOf\":{\"@id\":\"https:\\\/\\\/aapars.com\\\/monique-cote\\\/2017\\\/03\\\/02\\\/expo-galerie-aapars\\\/\"},\"author\":{\"name\":\"Monique C\u00f4t\u00e9\",\"@id\":\"https:\\\/\\\/aapars.com\\\/monique-cote\\\/#\\\/schema\\\/person\\\/a57f09d09c4828afe3b0467bdd3a5c7f\"},\"headline\":\"Expo Galerie AAPARS\",\"datePublished\":\"2017-03-03T02:24:19+00:00\",\"mainEntityOfPage\":{\"@id\":\"https:\\\/\\\/aapars.com\\\/monique-cote\\\/2017\\\/03\\\/02\\\/expo-galerie-aapars\\\/\"},\"wordCount\":58,\"commentCount\":0,\"publisher\":{\"@id\":\"https:\\\/\\\/aapars.com\\\/monique-cote\\\/#organization\"},\"image\":{\"@id\":\"https:\\\/\\\/aapars.com\\\/monique-cote\\\/2017\\\/03\\\/02\\\/expo-galerie-aapars\\\/#primaryimage\"},\"thumbnailUrl\":\"https:\\\/\\\/aapars.com\\\/monique-cote\\\/files\\\/2017\\\/03\\\/Carton_expo_Mars2017_Recto.jpg\",\"articleSection\":[\"Nouvelles\"],\"inLanguage\":\"fr-FR\",\"potentialAction\":[{\"@type\":\"CommentAction\",\"name\":\"Comment\",\"target\":[\"https:\\\/\\\/aapars.com\\\/monique-cote\\\/2017\\\/03\\\/02\\\/expo-galerie-aapars\\\/#respond\"]}]},{\"@type\":\"WebPage\",\"@id\":\"https:\\\/\\\/aapars.com\\\/monique-cote\\\/2017\\\/03\\\/02\\\/expo-galerie-aapars\\\/\",\"url\":\"https:\\\/\\\/aapars.com\\\/monique-cote\\\/2017\\\/03\\\/02\\\/expo-galerie-aapars\\\/\",\"name\":\"Expo Galerie AAPARS - Monique C\u00f4t\u00e9 - Un site de la galerie virtuelle de l&#039;AAPARS\",\"isPartOf\":{\"@id\":\"https:\\\/\\\/aapars.com\\\/monique-cote\\\/#website\"},\"primaryImageOfPage\":{\"@id\":\"https:\\\/\\\/aapars.com\\\/monique-cote\\\/2017\\\/03\\\/02\\\/expo-galerie-aapars\\\/#primaryimage\"},\"image\":{\"@id\":\"https:\\\/\\\/aapars.com\\\/monique-cote\\\/2017\\\/03\\\/02\\\/expo-galerie-aapars\\\/#primaryimage\"},\"thumbnailUrl\":\"https:\\\/\\\/aapars.com\\\/monique-cote\\\/files\\\/2017\\\/03\\\/Carton_expo_Mars2017_Recto.jpg\",\"datePublished\":\"2017-03-03T02:24:19+00:00\",\"description\":\"Pour une nouvelle fois, je participerai \u00e0 l'Expo Galerie organis\u00e9e par l'AAPARS. Cette ann\u00e9e l'exposition sera \u00e0 Boucherville au Centre multifonctionnel\",\"breadcrumb\":{\"@id\":\"https:\\\/\\\/aapars.com\\\/monique-cote\\\/2017\\\/03\\\/02\\\/expo-galerie-aapars\\\/#breadcrumb\"},\"inLanguage\":\"fr-FR\",\"potentialAction\":[{\"@type\":\"ReadAction\",\"target\":[\"https:\\\/\\\/aapars.com\\\/monique-cote\\\/2017\\\/03\\\/02\\\/expo-galerie-aapars\\\/\"]}]},{\"@type\":\"ImageObject\",\"inLanguage\":\"fr-FR\",\"@id\":\"https:\\\/\\\/aapars.com\\\/monique-cote\\\/2017\\\/03\\\/02\\\/expo-galerie-aapars\\\/#primaryimage\",\"url\":\"https:\\\/\\\/aapars.com\\\/monique-cote\\\/files\\\/2017\\\/03\\\/Carton_expo_Mars2017_Recto.jpg\",\"contentUrl\":\"https:\\\/\\\/aapars.com\\\/monique-cote\\\/files\\\/2017\\\/03\\\/Carton_expo_Mars2017_Recto.jpg\",\"width\":1350,\"height\":563,\"caption\":\"Expo Galerie AAPARS\"},{\"@type\":\"BreadcrumbList\",\"@id\":\"https:\\\/\\\/aapars.com\\\/monique-cote\\\/2017\\\/03\\\/02\\\/expo-galerie-aapars\\\/#breadcrumb\",\"itemListElement\":[{\"@type\":\"ListItem\",\"position\":1,\"name\":\"Accueil\",\"item\":\"https:\\\/\\\/aapars.com\\\/monique-cote\\\/\"},{\"@type\":\"ListItem\",\"position\":2,\"name\":\"Expo Galerie AAPARS\"}]},{\"@type\":\"WebSite\",\"@id\":\"https:\\\/\\\/aapars.com\\\/monique-cote\\\/#website\",\"url\":\"https:\\\/\\\/aapars.com\\\/monique-cote\\\/\",\"name\":\"Monique C\u00f4t\u00e9\",\"description\":\"Un site de la galerie virtuelle de l&#039;AAPARS\",\"publisher\":{\"@id\":\"https:\\\/\\\/aapars.com\\\/monique-cote\\\/#organization\"},\"potentialAction\":[{\"@type\":\"SearchAction\",\"target\":{\"@type\":\"EntryPoint\",\"urlTemplate\":\"https:\\\/\\\/aapars.com\\\/monique-cote\\\/?s={search_term_string}\"},\"query-input\":{\"@type\":\"PropertyValueSpecification\",\"valueRequired\":true,\"valueName\":\"search_term_string\"}}],\"inLanguage\":\"fr-FR\"},{\"@type\":\"Organization\",\"@id\":\"https:\\\/\\\/aapars.com\\\/monique-cote\\\/#organization\",\"name\":\"Monique C\u00f4t\u00e9\",\"url\":\"https:\\\/\\\/aapars.com\\\/monique-cote\\\/\",\"logo\":{\"@type\":\"ImageObject\",\"inLanguage\":\"fr-FR\",\"@id\":\"https:\\\/\\\/aapars.com\\\/monique-cote\\\/#\\\/schema\\\/logo\\\/image\\\/\",\"url\":\"https:\\\/\\\/aapars.com\\\/monique-cote\\\/files\\\/2012\\\/04\\\/logo-aapars-@2x.png\",\"contentUrl\":\"https:\\\/\\\/aapars.com\\\/monique-cote\\\/files\\\/2012\\\/04\\\/logo-aapars-@2x.png\",\"width\":560,\"height\":306,\"caption\":\"Monique C\u00f4t\u00e9\"},\"image\":{\"@id\":\"https:\\\/\\\/aapars.com\\\/monique-cote\\\/#\\\/schema\\\/logo\\\/image\\\/\"}},{\"@type\":\"Person\",\"@id\":\"https:\\\/\\\/aapars.com\\\/monique-cote\\\/#\\\/schema\\\/person\\\/a57f09d09c4828afe3b0467bdd3a5c7f\",\"name\":\"Monique C\u00f4t\u00e9\",\"image\":{\"@type\":\"ImageObject\",\"inLanguage\":\"fr-FR\",\"@id\":\"https:\\\/\\\/secure.gravatar.com\\\/avatar\\\/bbba453597dc455be886b7eeec00d211e57fdc71dbff86df1738496e6aed8619?s=96&d=mm&r=g\",\"url\":\"https:\\\/\\\/secure.gravatar.com\\\/avatar\\\/bbba453597dc455be886b7eeec00d211e57fdc71dbff86df1738496e6aed8619?s=96&d=mm&r=g\",\"contentUrl\":\"https:\\\/\\\/secure.gravatar.com\\\/avatar\\\/bbba453597dc455be886b7eeec00d211e57fdc71dbff86df1738496e6aed8619?s=96&d=mm&r=g\",\"caption\":\"Monique C\u00f4t\u00e9\"}}]}<\/script>\n<!-- \/ Yoast SEO plugin. -->","yoast_head_json":{"title":"Expo Galerie AAPARS - Monique C\u00f4t\u00e9 - Un site de la galerie virtuelle de l&#039;AAPARS","description":"Pour une nouvelle fois, je participerai \u00e0 l'Expo Galerie organis\u00e9e par l'AAPARS. Cette ann\u00e9e l'exposition sera \u00e0 Boucherville au Centre multifonctionnel","robots":{"index":"index","follow":"follow","max-snippet":"max-snippet:-1","max-image-preview":"max-image-preview:large","max-video-preview":"max-video-preview:-1"},"canonical":"https:\/\/aapars.com\/monique-cote\/2017\/03\/02\/expo-galerie-aapars\/","og_locale":"fr_FR","og_type":"article","og_title":"Expo Galerie AAPARS - Monique C\u00f4t\u00e9 - Un site de la galerie virtuelle de l&#039;AAPARS","og_description":"Pour une nouvelle fois, je participerai \u00e0 l'Expo Galerie organis\u00e9e par l'AAPARS. Cette ann\u00e9e l'exposition sera \u00e0 Boucherville au Centre multifonctionnel","og_url":"https:\/\/aapars.com\/monique-cote\/2017\/03\/02\/expo-galerie-aapars\/","og_site_name":"Monique C\u00f4t\u00e9","article_published_time":"2017-03-03T02:24:19+00:00","og_image":[{"width":1350,"height":563,"url":"https:\/\/aapars.com\/monique-cote\/files\/2017\/03\/Carton_expo_Mars2017_Recto.jpg","type":"image\/jpeg"}],"author":"Monique C\u00f4t\u00e9","twitter_misc":{"\u00c9crit par":"Monique C\u00f4t\u00e9"},"schema":{"@context":"https:\/\/schema.org","@graph":[{"@type":"Article","@id":"https:\/\/aapars.com\/monique-cote\/2017\/03\/02\/expo-galerie-aapars\/#article","isPartOf":{"@id":"https:\/\/aapars.com\/monique-cote\/2017\/03\/02\/expo-galerie-aapars\/"},"author":{"name":"Monique C\u00f4t\u00e9","@id":"https:\/\/aapars.com\/monique-cote\/#\/schema\/person\/a57f09d09c4828afe3b0467bdd3a5c7f"},"headline":"Expo Galerie AAPARS","datePublished":"2017-03-03T02:24:19+00:00","mainEntityOfPage":{"@id":"https:\/\/aapars.com\/monique-cote\/2017\/03\/02\/expo-galerie-aapars\/"},"wordCount":58,"commentCount":0,"publisher":{"@id":"https:\/\/aapars.com\/monique-cote\/#organization"},"image":{"@id":"https:\/\/aapars.com\/monique-cote\/2017\/03\/02\/expo-galerie-aapars\/#primaryimage"},"thumbnailUrl":"https:\/\/aapars.com\/monique-cote\/files\/2017\/03\/Carton_expo_Mars2017_Recto.jpg","articleSection":["Nouvelles"],"inLanguage":"fr-FR","potentialAction":[{"@type":"CommentAction","name":"Comment","target":["https:\/\/aapars.com\/monique-cote\/2017\/03\/02\/expo-galerie-aapars\/#respond"]}]},{"@type":"WebPage","@id":"https:\/\/aapars.com\/monique-cote\/2017\/03\/02\/expo-galerie-aapars\/","url":"https:\/\/aapars.com\/monique-cote\/2017\/03\/02\/expo-galerie-aapars\/","name":"Expo Galerie AAPARS - Monique C\u00f4t\u00e9 - Un site de la galerie virtuelle de l&#039;AAPARS","isPartOf":{"@id":"https:\/\/aapars.com\/monique-cote\/#website"},"primaryImageOfPage":{"@id":"https:\/\/aapars.com\/monique-cote\/2017\/03\/02\/expo-galerie-aapars\/#primaryimage"},"image":{"@id":"https:\/\/aapars.com\/monique-cote\/2017\/03\/02\/expo-galerie-aapars\/#primaryimage"},"thumbnailUrl":"https:\/\/aapars.com\/monique-cote\/files\/2017\/03\/Carton_expo_Mars2017_Recto.jpg","datePublished":"2017-03-03T02:24:19+00:00","description":"Pour une nouvelle fois, je participerai \u00e0 l'Expo Galerie organis\u00e9e par l'AAPARS. Cette ann\u00e9e l'exposition sera \u00e0 Boucherville au Centre multifonctionnel","breadcrumb":{"@id":"https:\/\/aapars.com\/monique-cote\/2017\/03\/02\/expo-galerie-aapars\/#breadcrumb"},"inLanguage":"fr-FR","potentialAction":[{"@type":"ReadAction","target":["https:\/\/aapars.com\/monique-cote\/2017\/03\/02\/expo-galerie-aapars\/"]}]},{"@type":"ImageObject","inLanguage":"fr-FR","@id":"https:\/\/aapars.com\/monique-cote\/2017\/03\/02\/expo-galerie-aapars\/#primaryimage","url":"https:\/\/aapars.com\/monique-cote\/files\/2017\/03\/Carton_expo_Mars2017_Recto.jpg","contentUrl":"https:\/\/aapars.com\/monique-cote\/files\/2017\/03\/Carton_expo_Mars2017_Recto.jpg","width":1350,"height":563,"caption":"Expo Galerie AAPARS"},{"@type":"BreadcrumbList","@id":"https:\/\/aapars.com\/monique-cote\/2017\/03\/02\/expo-galerie-aapars\/#breadcrumb","itemListElement":[{"@type":"ListItem","position":1,"name":"Accueil","item":"https:\/\/aapars.com\/monique-cote\/"},{"@type":"ListItem","position":2,"name":"Expo Galerie AAPARS"}]},{"@type":"WebSite","@id":"https:\/\/aapars.com\/monique-cote\/#website","url":"https:\/\/aapars.com\/monique-cote\/","name":"Monique C\u00f4t\u00e9","description":"Un site de la galerie virtuelle de l&#039;AAPARS","publisher":{"@id":"https:\/\/aapars.com\/monique-cote\/#organization"},"potentialAction":[{"@type":"SearchAction","target":{"@type":"EntryPoint","urlTemplate":"https:\/\/aapars.com\/monique-cote\/?s={search_term_string}"},"query-input":{"@type":"PropertyValueSpecification","valueRequired":true,"valueName":"search_term_string"}}],"inLanguage":"fr-FR"},{"@type":"Organization","@id":"https:\/\/aapars.com\/monique-cote\/#organization","name":"Monique C\u00f4t\u00e9","url":"https:\/\/aapars.com\/monique-cote\/","logo":{"@type":"ImageObject","inLanguage":"fr-FR","@id":"https:\/\/aapars.com\/monique-cote\/#\/schema\/logo\/image\/","url":"https:\/\/aapars.com\/monique-cote\/files\/2012\/04\/logo-aapars-@2x.png","contentUrl":"https:\/\/aapars.com\/monique-cote\/files\/2012\/04\/logo-aapars-@2x.png","width":560,"height":306,"caption":"Monique C\u00f4t\u00e9"},"image":{"@id":"https:\/\/aapars.com\/monique-cote\/#\/schema\/logo\/image\/"}},{"@type":"Person","@id":"https:\/\/aapars.com\/monique-cote\/#\/schema\/person\/a57f09d09c4828afe3b0467bdd3a5c7f","name":"Monique C\u00f4t\u00e9","image":{"@type":"ImageObject","inLanguage":"fr-FR","@id":"https:\/\/secure.gravatar.com\/avatar\/bbba453597dc455be886b7eeec00d211e57fdc71dbff86df1738496e6aed8619?s=96&d=mm&r=g","url":"https:\/\/secure.gravatar.com\/avatar\/bbba453597dc455be886b7eeec00d211e57fdc71dbff86df1738496e6aed8619?s=96&d=mm&r=g","contentUrl":"https:\/\/secure.gravatar.com\/avatar\/bbba453597dc455be886b7eeec00d211e57fdc71dbff86df1738496e6aed8619?s=96&d=mm&r=g","caption":"Monique C\u00f4t\u00e9"}}]}},"_links":{"self":[{"href":"https:\/\/aapars.com\/monique-cote\/wp-json\/wp\/v2\/posts\/62","targetHints":{"allow":["GET"]}}],"collection":[{"href":"https:\/\/aapars.com\/monique-cote\/wp-json\/wp\/v2\/posts"}],"about":[{"href":"https:\/\/aapars.com\/monique-cote\/wp-json\/wp\/v2\/types\/post"}],"author":[{"embeddable":true,"href":"https:\/\/aapars.com\/monique-cote\/wp-json\/wp\/v2\/users\/558"}],"replies":[{"embeddable":true,"href":"https:\/\/aapars.com\/monique-cote\/wp-json\/wp\/v2\/comments?post=62"}],"version-history":[{"count":0,"href":"https:\/\/aapars.com\/monique-cote\/wp-json\/wp\/v2\/posts\/62\/revisions"}],"wp:featuredmedia":[{"embeddable":true,"href":"https:\/\/aapars.com\/monique-cote\/wp-json\/wp\/v2\/media\/60"}],"wp:attachment":[{"href":"https:\/\/aapars.com\/monique-cote\/wp-json\/wp\/v2\/media?parent=62"}],"wp:term":[{"taxonomy":"category","embeddable":true,"href":"https:\/\/aapars.com\/monique-cote\/wp-json\/wp\/v2\/categories?post=62"},{"taxonomy":"post_tag","embeddable":true,"href":"https:\/\/aapars.com\/monique-cote\/wp-json\/wp\/v2\/tags?post=62"}],"curies":[{"name":"wp","href":"https:\/\/api.w.org\/{rel}","templated":true}]}}