{"id":55,"date":"2014-02-12T08:51:56","date_gmt":"2014-02-12T13:51:56","guid":{"rendered":"https:\/\/aapars.com\/monique-cote\/?p=55"},"modified":"2014-02-12T08:51:56","modified_gmt":"2014-02-12T13:51:56","slug":"eco-salon-de-trois-rivieres","status":"publish","type":"post","link":"https:\/\/aapars.com\/monique-cote\/2014\/02\/12\/eco-salon-de-trois-rivieres\/","title":{"rendered":"\u00c9co-Salon de Trois-Rivi\u00e8res"},"content":{"rendered":"<p>Les 14-15-16 f\u00e9vrier, je participerais \u00e0 une exposition de peinture dans le cadre de\u00a0la 6i\u00e8me \u00e9dition de l\u2019<a href=\"http:\/\/www.peghb.com\/eco-salon\/\" target=\"_blank\">\u00c9co-Salon<\/a> du Lac St-Pierre \u00e0 Trois-Rivi\u00e8res.<\/p>\n<p>Au plaisir de vous y rencontrer !<\/p>\n","protected":false},"excerpt":{"rendered":"<p>Les 14-15-16 f\u00e9vrier, je participerais \u00e0 une exposition de peinture dans le cadre de\u00a0la 6i\u00e8me \u00e9dition de l\u2019\u00c9co-Salon du Lac St-Pierre \u00e0 Trois-Rivi\u00e8res. Au plaisir de vous y rencontrer !<\/p>\n","protected":false},"author":558,"featured_media":0,"comment_status":"open","ping_status":"open","sticky":false,"template":"","format":"standard","meta":{"_s2mail":"yes","ngg_post_thumbnail":0,"iawp_total_views":2,"footnotes":""},"categories":[3],"tags":[],"class_list":["post-55","post","type-post","status-publish","format-standard","hentry","category-nouvelles","generate-columns","tablet-grid-50","mobile-grid-100","grid-parent","grid-50"],"yoast_head":"<!-- This site is optimized with the Yoast SEO plugin v27.5 - https:\/\/yoast.com\/product\/yoast-seo-wordpress\/ -->\n<title>\u00c9co-Salon de Trois-Rivi\u00e8res - Monique C\u00f4t\u00e9 - Un site de la galerie virtuelle de l&#039;AAPARS<\/title>\n<meta name=\"description\" content=\"Les 14-15-16 f\u00e9vrier, je participerais \u00e0 une exposition de peinture dans le cadre de\u00a0la 6i\u00e8me \u00e9dition de l\u2019\u00c9co-Salon du Lac St-Pierre \u00e0 Trois-Rivi\u00e8res. Au\" \/>\n<meta name=\"robots\" content=\"index, follow, max-snippet:-1, max-image-preview:large, max-video-preview:-1\" \/>\n<link rel=\"canonical\" href=\"https:\/\/aapars.com\/monique-cote\/2014\/02\/12\/eco-salon-de-trois-rivieres\/\" \/>\n<meta property=\"og:locale\" content=\"fr_FR\" \/>\n<meta property=\"og:type\" content=\"article\" \/>\n<meta property=\"og:title\" content=\"\u00c9co-Salon de Trois-Rivi\u00e8res - Monique C\u00f4t\u00e9 - Un site de la galerie virtuelle de l&#039;AAPARS\" \/>\n<meta property=\"og:description\" content=\"Les 14-15-16 f\u00e9vrier, je participerais \u00e0 une exposition de peinture dans le cadre de\u00a0la 6i\u00e8me \u00e9dition de l\u2019\u00c9co-Salon du Lac St-Pierre \u00e0 Trois-Rivi\u00e8res. Au\" \/>\n<meta property=\"og:url\" content=\"https:\/\/aapars.com\/monique-cote\/2014\/02\/12\/eco-salon-de-trois-rivieres\/\" \/>\n<meta property=\"og:site_name\" content=\"Monique C\u00f4t\u00e9\" \/>\n<meta property=\"article:published_time\" content=\"2014-02-12T13:51:56+00:00\" \/>\n<meta name=\"author\" content=\"Monique C\u00f4t\u00e9\" \/>\n<meta name=\"twitter:label1\" content=\"\u00c9crit par\" \/>\n\t<meta name=\"twitter:data1\" content=\"Monique C\u00f4t\u00e9\" \/>\n<script type=\"application\/ld+json\" class=\"yoast-schema-graph\">{\"@context\":\"https:\\\/\\\/schema.org\",\"@graph\":[{\"@type\":\"Article\",\"@id\":\"https:\\\/\\\/aapars.com\\\/monique-cote\\\/2014\\\/02\\\/12\\\/eco-salon-de-trois-rivieres\\\/#article\",\"isPartOf\":{\"@id\":\"https:\\\/\\\/aapars.com\\\/monique-cote\\\/2014\\\/02\\\/12\\\/eco-salon-de-trois-rivieres\\\/\"},\"author\":{\"name\":\"Monique C\u00f4t\u00e9\",\"@id\":\"https:\\\/\\\/aapars.com\\\/monique-cote\\\/#\\\/schema\\\/person\\\/a57f09d09c4828afe3b0467bdd3a5c7f\"},\"headline\":\"\u00c9co-Salon de Trois-Rivi\u00e8res\",\"datePublished\":\"2014-02-12T13:51:56+00:00\",\"mainEntityOfPage\":{\"@id\":\"https:\\\/\\\/aapars.com\\\/monique-cote\\\/2014\\\/02\\\/12\\\/eco-salon-de-trois-rivieres\\\/\"},\"wordCount\":37,\"commentCount\":0,\"publisher\":{\"@id\":\"https:\\\/\\\/aapars.com\\\/monique-cote\\\/#organization\"},\"articleSection\":[\"Nouvelles\"],\"inLanguage\":\"fr-FR\",\"potentialAction\":[{\"@type\":\"CommentAction\",\"name\":\"Comment\",\"target\":[\"https:\\\/\\\/aapars.com\\\/monique-cote\\\/2014\\\/02\\\/12\\\/eco-salon-de-trois-rivieres\\\/#respond\"]}]},{\"@type\":\"WebPage\",\"@id\":\"https:\\\/\\\/aapars.com\\\/monique-cote\\\/2014\\\/02\\\/12\\\/eco-salon-de-trois-rivieres\\\/\",\"url\":\"https:\\\/\\\/aapars.com\\\/monique-cote\\\/2014\\\/02\\\/12\\\/eco-salon-de-trois-rivieres\\\/\",\"name\":\"\u00c9co-Salon de Trois-Rivi\u00e8res - Monique C\u00f4t\u00e9 - Un site de la galerie virtuelle de l&#039;AAPARS\",\"isPartOf\":{\"@id\":\"https:\\\/\\\/aapars.com\\\/monique-cote\\\/#website\"},\"datePublished\":\"2014-02-12T13:51:56+00:00\",\"description\":\"Les 14-15-16 f\u00e9vrier, je participerais \u00e0 une exposition de peinture dans le cadre de\u00a0la 6i\u00e8me \u00e9dition de l\u2019\u00c9co-Salon du Lac St-Pierre \u00e0 Trois-Rivi\u00e8res. Au\",\"breadcrumb\":{\"@id\":\"https:\\\/\\\/aapars.com\\\/monique-cote\\\/2014\\\/02\\\/12\\\/eco-salon-de-trois-rivieres\\\/#breadcrumb\"},\"inLanguage\":\"fr-FR\",\"potentialAction\":[{\"@type\":\"ReadAction\",\"target\":[\"https:\\\/\\\/aapars.com\\\/monique-cote\\\/2014\\\/02\\\/12\\\/eco-salon-de-trois-rivieres\\\/\"]}]},{\"@type\":\"BreadcrumbList\",\"@id\":\"https:\\\/\\\/aapars.com\\\/monique-cote\\\/2014\\\/02\\\/12\\\/eco-salon-de-trois-rivieres\\\/#breadcrumb\",\"itemListElement\":[{\"@type\":\"ListItem\",\"position\":1,\"name\":\"Accueil\",\"item\":\"https:\\\/\\\/aapars.com\\\/monique-cote\\\/\"},{\"@type\":\"ListItem\",\"position\":2,\"name\":\"\u00c9co-Salon de Trois-Rivi\u00e8res\"}]},{\"@type\":\"WebSite\",\"@id\":\"https:\\\/\\\/aapars.com\\\/monique-cote\\\/#website\",\"url\":\"https:\\\/\\\/aapars.com\\\/monique-cote\\\/\",\"name\":\"Monique C\u00f4t\u00e9\",\"description\":\"Un site de la galerie virtuelle de l&#039;AAPARS\",\"publisher\":{\"@id\":\"https:\\\/\\\/aapars.com\\\/monique-cote\\\/#organization\"},\"potentialAction\":[{\"@type\":\"SearchAction\",\"target\":{\"@type\":\"EntryPoint\",\"urlTemplate\":\"https:\\\/\\\/aapars.com\\\/monique-cote\\\/?s={search_term_string}\"},\"query-input\":{\"@type\":\"PropertyValueSpecification\",\"valueRequired\":true,\"valueName\":\"search_term_string\"}}],\"inLanguage\":\"fr-FR\"},{\"@type\":\"Organization\",\"@id\":\"https:\\\/\\\/aapars.com\\\/monique-cote\\\/#organization\",\"name\":\"Monique C\u00f4t\u00e9\",\"url\":\"https:\\\/\\\/aapars.com\\\/monique-cote\\\/\",\"logo\":{\"@type\":\"ImageObject\",\"inLanguage\":\"fr-FR\",\"@id\":\"https:\\\/\\\/aapars.com\\\/monique-cote\\\/#\\\/schema\\\/logo\\\/image\\\/\",\"url\":\"https:\\\/\\\/aapars.com\\\/monique-cote\\\/files\\\/2012\\\/04\\\/logo-aapars-@2x.png\",\"contentUrl\":\"https:\\\/\\\/aapars.com\\\/monique-cote\\\/files\\\/2012\\\/04\\\/logo-aapars-@2x.png\",\"width\":560,\"height\":306,\"caption\":\"Monique C\u00f4t\u00e9\"},\"image\":{\"@id\":\"https:\\\/\\\/aapars.com\\\/monique-cote\\\/#\\\/schema\\\/logo\\\/image\\\/\"}},{\"@type\":\"Person\",\"@id\":\"https:\\\/\\\/aapars.com\\\/monique-cote\\\/#\\\/schema\\\/person\\\/a57f09d09c4828afe3b0467bdd3a5c7f\",\"name\":\"Monique C\u00f4t\u00e9\",\"image\":{\"@type\":\"ImageObject\",\"inLanguage\":\"fr-FR\",\"@id\":\"https:\\\/\\\/secure.gravatar.com\\\/avatar\\\/bbba453597dc455be886b7eeec00d211e57fdc71dbff86df1738496e6aed8619?s=96&d=mm&r=g\",\"url\":\"https:\\\/\\\/secure.gravatar.com\\\/avatar\\\/bbba453597dc455be886b7eeec00d211e57fdc71dbff86df1738496e6aed8619?s=96&d=mm&r=g\",\"contentUrl\":\"https:\\\/\\\/secure.gravatar.com\\\/avatar\\\/bbba453597dc455be886b7eeec00d211e57fdc71dbff86df1738496e6aed8619?s=96&d=mm&r=g\",\"caption\":\"Monique C\u00f4t\u00e9\"}}]}<\/script>\n<!-- \/ Yoast SEO plugin. -->","yoast_head_json":{"title":"\u00c9co-Salon de Trois-Rivi\u00e8res - Monique C\u00f4t\u00e9 - Un site de la galerie virtuelle de l&#039;AAPARS","description":"Les 14-15-16 f\u00e9vrier, je participerais \u00e0 une exposition de peinture dans le cadre de\u00a0la 6i\u00e8me \u00e9dition de l\u2019\u00c9co-Salon du Lac St-Pierre \u00e0 Trois-Rivi\u00e8res. Au","robots":{"index":"index","follow":"follow","max-snippet":"max-snippet:-1","max-image-preview":"max-image-preview:large","max-video-preview":"max-video-preview:-1"},"canonical":"https:\/\/aapars.com\/monique-cote\/2014\/02\/12\/eco-salon-de-trois-rivieres\/","og_locale":"fr_FR","og_type":"article","og_title":"\u00c9co-Salon de Trois-Rivi\u00e8res - Monique C\u00f4t\u00e9 - Un site de la galerie virtuelle de l&#039;AAPARS","og_description":"Les 14-15-16 f\u00e9vrier, je participerais \u00e0 une exposition de peinture dans le cadre de\u00a0la 6i\u00e8me \u00e9dition de l\u2019\u00c9co-Salon du Lac St-Pierre \u00e0 Trois-Rivi\u00e8res. Au","og_url":"https:\/\/aapars.com\/monique-cote\/2014\/02\/12\/eco-salon-de-trois-rivieres\/","og_site_name":"Monique C\u00f4t\u00e9","article_published_time":"2014-02-12T13:51:56+00:00","author":"Monique C\u00f4t\u00e9","twitter_misc":{"\u00c9crit par":"Monique C\u00f4t\u00e9"},"schema":{"@context":"https:\/\/schema.org","@graph":[{"@type":"Article","@id":"https:\/\/aapars.com\/monique-cote\/2014\/02\/12\/eco-salon-de-trois-rivieres\/#article","isPartOf":{"@id":"https:\/\/aapars.com\/monique-cote\/2014\/02\/12\/eco-salon-de-trois-rivieres\/"},"author":{"name":"Monique C\u00f4t\u00e9","@id":"https:\/\/aapars.com\/monique-cote\/#\/schema\/person\/a57f09d09c4828afe3b0467bdd3a5c7f"},"headline":"\u00c9co-Salon de Trois-Rivi\u00e8res","datePublished":"2014-02-12T13:51:56+00:00","mainEntityOfPage":{"@id":"https:\/\/aapars.com\/monique-cote\/2014\/02\/12\/eco-salon-de-trois-rivieres\/"},"wordCount":37,"commentCount":0,"publisher":{"@id":"https:\/\/aapars.com\/monique-cote\/#organization"},"articleSection":["Nouvelles"],"inLanguage":"fr-FR","potentialAction":[{"@type":"CommentAction","name":"Comment","target":["https:\/\/aapars.com\/monique-cote\/2014\/02\/12\/eco-salon-de-trois-rivieres\/#respond"]}]},{"@type":"WebPage","@id":"https:\/\/aapars.com\/monique-cote\/2014\/02\/12\/eco-salon-de-trois-rivieres\/","url":"https:\/\/aapars.com\/monique-cote\/2014\/02\/12\/eco-salon-de-trois-rivieres\/","name":"\u00c9co-Salon de Trois-Rivi\u00e8res - Monique C\u00f4t\u00e9 - Un site de la galerie virtuelle de l&#039;AAPARS","isPartOf":{"@id":"https:\/\/aapars.com\/monique-cote\/#website"},"datePublished":"2014-02-12T13:51:56+00:00","description":"Les 14-15-16 f\u00e9vrier, je participerais \u00e0 une exposition de peinture dans le cadre de\u00a0la 6i\u00e8me \u00e9dition de l\u2019\u00c9co-Salon du Lac St-Pierre \u00e0 Trois-Rivi\u00e8res. Au","breadcrumb":{"@id":"https:\/\/aapars.com\/monique-cote\/2014\/02\/12\/eco-salon-de-trois-rivieres\/#breadcrumb"},"inLanguage":"fr-FR","potentialAction":[{"@type":"ReadAction","target":["https:\/\/aapars.com\/monique-cote\/2014\/02\/12\/eco-salon-de-trois-rivieres\/"]}]},{"@type":"BreadcrumbList","@id":"https:\/\/aapars.com\/monique-cote\/2014\/02\/12\/eco-salon-de-trois-rivieres\/#breadcrumb","itemListElement":[{"@type":"ListItem","position":1,"name":"Accueil","item":"https:\/\/aapars.com\/monique-cote\/"},{"@type":"ListItem","position":2,"name":"\u00c9co-Salon de Trois-Rivi\u00e8res"}]},{"@type":"WebSite","@id":"https:\/\/aapars.com\/monique-cote\/#website","url":"https:\/\/aapars.com\/monique-cote\/","name":"Monique C\u00f4t\u00e9","description":"Un site de la galerie virtuelle de l&#039;AAPARS","publisher":{"@id":"https:\/\/aapars.com\/monique-cote\/#organization"},"potentialAction":[{"@type":"SearchAction","target":{"@type":"EntryPoint","urlTemplate":"https:\/\/aapars.com\/monique-cote\/?s={search_term_string}"},"query-input":{"@type":"PropertyValueSpecification","valueRequired":true,"valueName":"search_term_string"}}],"inLanguage":"fr-FR"},{"@type":"Organization","@id":"https:\/\/aapars.com\/monique-cote\/#organization","name":"Monique C\u00f4t\u00e9","url":"https:\/\/aapars.com\/monique-cote\/","logo":{"@type":"ImageObject","inLanguage":"fr-FR","@id":"https:\/\/aapars.com\/monique-cote\/#\/schema\/logo\/image\/","url":"https:\/\/aapars.com\/monique-cote\/files\/2012\/04\/logo-aapars-@2x.png","contentUrl":"https:\/\/aapars.com\/monique-cote\/files\/2012\/04\/logo-aapars-@2x.png","width":560,"height":306,"caption":"Monique C\u00f4t\u00e9"},"image":{"@id":"https:\/\/aapars.com\/monique-cote\/#\/schema\/logo\/image\/"}},{"@type":"Person","@id":"https:\/\/aapars.com\/monique-cote\/#\/schema\/person\/a57f09d09c4828afe3b0467bdd3a5c7f","name":"Monique C\u00f4t\u00e9","image":{"@type":"ImageObject","inLanguage":"fr-FR","@id":"https:\/\/secure.gravatar.com\/avatar\/bbba453597dc455be886b7eeec00d211e57fdc71dbff86df1738496e6aed8619?s=96&d=mm&r=g","url":"https:\/\/secure.gravatar.com\/avatar\/bbba453597dc455be886b7eeec00d211e57fdc71dbff86df1738496e6aed8619?s=96&d=mm&r=g","contentUrl":"https:\/\/secure.gravatar.com\/avatar\/bbba453597dc455be886b7eeec00d211e57fdc71dbff86df1738496e6aed8619?s=96&d=mm&r=g","caption":"Monique C\u00f4t\u00e9"}}]}},"_links":{"self":[{"href":"https:\/\/aapars.com\/monique-cote\/wp-json\/wp\/v2\/posts\/55","targetHints":{"allow":["GET"]}}],"collection":[{"href":"https:\/\/aapars.com\/monique-cote\/wp-json\/wp\/v2\/posts"}],"about":[{"href":"https:\/\/aapars.com\/monique-cote\/wp-json\/wp\/v2\/types\/post"}],"author":[{"embeddable":true,"href":"https:\/\/aapars.com\/monique-cote\/wp-json\/wp\/v2\/users\/558"}],"replies":[{"embeddable":true,"href":"https:\/\/aapars.com\/monique-cote\/wp-json\/wp\/v2\/comments?post=55"}],"version-history":[{"count":0,"href":"https:\/\/aapars.com\/monique-cote\/wp-json\/wp\/v2\/posts\/55\/revisions"}],"wp:attachment":[{"href":"https:\/\/aapars.com\/monique-cote\/wp-json\/wp\/v2\/media?parent=55"}],"wp:term":[{"taxonomy":"category","embeddable":true,"href":"https:\/\/aapars.com\/monique-cote\/wp-json\/wp\/v2\/categories?post=55"},{"taxonomy":"post_tag","embeddable":true,"href":"https:\/\/aapars.com\/monique-cote\/wp-json\/wp\/v2\/tags?post=55"}],"curies":[{"name":"wp","href":"https:\/\/api.w.org\/{rel}","templated":true}]}}