{"id":416,"date":"2023-03-30T16:38:27","date_gmt":"2023-03-30T20:38:27","guid":{"rendered":"https:\/\/aapars.com\/guylaine-ruel\/?p=416"},"modified":"2023-03-30T16:38:27","modified_gmt":"2023-03-30T20:38:27","slug":"expo-galerie-aapars-a-la-prairie","status":"publish","type":"post","link":"https:\/\/aapars.com\/guylaine-ruel\/2023\/03\/30\/expo-galerie-aapars-a-la-prairie\/","title":{"rendered":"Expo Galerie AAPARS \u00e0 La Prairie"},"content":{"rendered":"<p>Premi\u00e8re exposition en 2023 qui aura lieu les 1 et 2 avril au Centre multifonctionnel Guy-Dupr\u00e9 \u00e0 La Prairie.<br \/>\nLes heures d&#8217;ouverture sont 10 h \u00e0 17 h. Il y aura un vernissage le samedi \u00e0 14 h.<br \/>\nBienvenue \u00e0 tous !<\/p>\n","protected":false},"excerpt":{"rendered":"<p>Premi\u00e8re exposition en 2023 qui aura lieu les 1 et 2 avril au Centre multifonctionnel Guy-Dupr\u00e9 \u00e0 La Prairie. Les heures d&#8217;ouverture sont 10 h \u00e0 17 h. Il y aura un vernissage le samedi \u00e0 14 h. Bienvenue \u00e0 tous !<\/p>\n","protected":false},"author":586,"featured_media":412,"comment_status":"open","ping_status":"open","sticky":false,"template":"","format":"standard","meta":{"_s2mail":"","ngg_post_thumbnail":0,"iawp_total_views":6,"footnotes":""},"categories":[5],"tags":[],"class_list":["post-416","post","type-post","status-publish","format-standard","has-post-thumbnail","hentry","category-nouvelles","generate-columns","tablet-grid-50","mobile-grid-100","grid-parent","grid-50"],"yoast_head":"<!-- This site is optimized with the Yoast SEO plugin v27.5 - https:\/\/yoast.com\/product\/yoast-seo-wordpress\/ -->\n<title>Expo Galerie AAPARS \u00e0 La Prairie - Guylaine Ruel - Un site de la galerie virtuelle de l&#039;AAPARS<\/title>\n<meta name=\"description\" content=\"Premi\u00e8re exposition en 2023 qui aura lieu les 1 et 2 avril au Centre multifonctionnel Guy-Dupr\u00e9 \u00e0 La Prairie. Les heures d&#039;ouverture sont 10 h \u00e0 17 h. Il\" \/>\n<meta name=\"robots\" content=\"index, follow, max-snippet:-1, max-image-preview:large, max-video-preview:-1\" \/>\n<link rel=\"canonical\" href=\"https:\/\/aapars.com\/guylaine-ruel\/2023\/03\/30\/expo-galerie-aapars-a-la-prairie\/\" \/>\n<meta property=\"og:locale\" content=\"fr_FR\" \/>\n<meta property=\"og:type\" content=\"article\" \/>\n<meta property=\"og:title\" content=\"Expo Galerie AAPARS \u00e0 La Prairie - Guylaine Ruel - Un site de la galerie virtuelle de l&#039;AAPARS\" \/>\n<meta property=\"og:description\" content=\"Premi\u00e8re exposition en 2023 qui aura lieu les 1 et 2 avril au Centre multifonctionnel Guy-Dupr\u00e9 \u00e0 La Prairie. Les heures d&#039;ouverture sont 10 h \u00e0 17 h. Il\" \/>\n<meta property=\"og:url\" content=\"https:\/\/aapars.com\/guylaine-ruel\/2023\/03\/30\/expo-galerie-aapars-a-la-prairie\/\" \/>\n<meta property=\"og:site_name\" content=\"Guylaine Ruel\" \/>\n<meta property=\"article:author\" content=\"https:\/\/www.facebook.com\/GuylaineRuelArtistePeintre\" \/>\n<meta property=\"article:published_time\" content=\"2023-03-30T20:38:27+00:00\" \/>\n<meta property=\"og:image\" content=\"https:\/\/aapars.com\/guylaine-ruel\/files\/2023\/03\/Annonce-EGA2023.jpg\" \/>\n\t<meta property=\"og:image:width\" content=\"1080\" \/>\n\t<meta property=\"og:image:height\" content=\"1080\" \/>\n\t<meta property=\"og:image:type\" content=\"image\/jpeg\" \/>\n<meta name=\"author\" content=\"Guylaine Ruel\" \/>\n<meta name=\"twitter:label1\" content=\"\u00c9crit par\" \/>\n\t<meta name=\"twitter:data1\" content=\"Guylaine Ruel\" \/>\n\t<meta name=\"twitter:label2\" content=\"Dur\u00e9e de lecture estim\u00e9e\" \/>\n\t<meta name=\"twitter:data2\" content=\"1 minute\" \/>\n<script type=\"application\/ld+json\" class=\"yoast-schema-graph\">{\"@context\":\"https:\\\/\\\/schema.org\",\"@graph\":[{\"@type\":\"Article\",\"@id\":\"https:\\\/\\\/aapars.com\\\/guylaine-ruel\\\/2023\\\/03\\\/30\\\/expo-galerie-aapars-a-la-prairie\\\/#article\",\"isPartOf\":{\"@id\":\"https:\\\/\\\/aapars.com\\\/guylaine-ruel\\\/2023\\\/03\\\/30\\\/expo-galerie-aapars-a-la-prairie\\\/\"},\"author\":{\"name\":\"Guylaine Ruel\",\"@id\":\"https:\\\/\\\/aapars.com\\\/guylaine-ruel\\\/#\\\/schema\\\/person\\\/94c487adef6c6aea6c3da517322f5cb4\"},\"headline\":\"Expo Galerie AAPARS \u00e0 La Prairie\",\"datePublished\":\"2023-03-30T20:38:27+00:00\",\"mainEntityOfPage\":{\"@id\":\"https:\\\/\\\/aapars.com\\\/guylaine-ruel\\\/2023\\\/03\\\/30\\\/expo-galerie-aapars-a-la-prairie\\\/\"},\"wordCount\":38,\"commentCount\":0,\"publisher\":{\"@id\":\"https:\\\/\\\/aapars.com\\\/guylaine-ruel\\\/#organization\"},\"image\":{\"@id\":\"https:\\\/\\\/aapars.com\\\/guylaine-ruel\\\/2023\\\/03\\\/30\\\/expo-galerie-aapars-a-la-prairie\\\/#primaryimage\"},\"thumbnailUrl\":\"https:\\\/\\\/aapars.com\\\/guylaine-ruel\\\/files\\\/2023\\\/03\\\/Annonce-EGA2023.jpg\",\"articleSection\":[\"Nouvelles\"],\"inLanguage\":\"fr-FR\",\"potentialAction\":[{\"@type\":\"CommentAction\",\"name\":\"Comment\",\"target\":[\"https:\\\/\\\/aapars.com\\\/guylaine-ruel\\\/2023\\\/03\\\/30\\\/expo-galerie-aapars-a-la-prairie\\\/#respond\"]}]},{\"@type\":\"WebPage\",\"@id\":\"https:\\\/\\\/aapars.com\\\/guylaine-ruel\\\/2023\\\/03\\\/30\\\/expo-galerie-aapars-a-la-prairie\\\/\",\"url\":\"https:\\\/\\\/aapars.com\\\/guylaine-ruel\\\/2023\\\/03\\\/30\\\/expo-galerie-aapars-a-la-prairie\\\/\",\"name\":\"Expo Galerie AAPARS \u00e0 La Prairie - Guylaine Ruel - Un site de la galerie virtuelle de l&#039;AAPARS\",\"isPartOf\":{\"@id\":\"https:\\\/\\\/aapars.com\\\/guylaine-ruel\\\/#website\"},\"primaryImageOfPage\":{\"@id\":\"https:\\\/\\\/aapars.com\\\/guylaine-ruel\\\/2023\\\/03\\\/30\\\/expo-galerie-aapars-a-la-prairie\\\/#primaryimage\"},\"image\":{\"@id\":\"https:\\\/\\\/aapars.com\\\/guylaine-ruel\\\/2023\\\/03\\\/30\\\/expo-galerie-aapars-a-la-prairie\\\/#primaryimage\"},\"thumbnailUrl\":\"https:\\\/\\\/aapars.com\\\/guylaine-ruel\\\/files\\\/2023\\\/03\\\/Annonce-EGA2023.jpg\",\"datePublished\":\"2023-03-30T20:38:27+00:00\",\"description\":\"Premi\u00e8re exposition en 2023 qui aura lieu les 1 et 2 avril au Centre multifonctionnel Guy-Dupr\u00e9 \u00e0 La Prairie. Les heures d'ouverture sont 10 h \u00e0 17 h. Il\",\"breadcrumb\":{\"@id\":\"https:\\\/\\\/aapars.com\\\/guylaine-ruel\\\/2023\\\/03\\\/30\\\/expo-galerie-aapars-a-la-prairie\\\/#breadcrumb\"},\"inLanguage\":\"fr-FR\",\"potentialAction\":[{\"@type\":\"ReadAction\",\"target\":[\"https:\\\/\\\/aapars.com\\\/guylaine-ruel\\\/2023\\\/03\\\/30\\\/expo-galerie-aapars-a-la-prairie\\\/\"]}]},{\"@type\":\"ImageObject\",\"inLanguage\":\"fr-FR\",\"@id\":\"https:\\\/\\\/aapars.com\\\/guylaine-ruel\\\/2023\\\/03\\\/30\\\/expo-galerie-aapars-a-la-prairie\\\/#primaryimage\",\"url\":\"https:\\\/\\\/aapars.com\\\/guylaine-ruel\\\/files\\\/2023\\\/03\\\/Annonce-EGA2023.jpg\",\"contentUrl\":\"https:\\\/\\\/aapars.com\\\/guylaine-ruel\\\/files\\\/2023\\\/03\\\/Annonce-EGA2023.jpg\",\"width\":1080,\"height\":1080},{\"@type\":\"BreadcrumbList\",\"@id\":\"https:\\\/\\\/aapars.com\\\/guylaine-ruel\\\/2023\\\/03\\\/30\\\/expo-galerie-aapars-a-la-prairie\\\/#breadcrumb\",\"itemListElement\":[{\"@type\":\"ListItem\",\"position\":1,\"name\":\"Accueil\",\"item\":\"https:\\\/\\\/aapars.com\\\/guylaine-ruel\\\/\"},{\"@type\":\"ListItem\",\"position\":2,\"name\":\"Expo Galerie AAPARS \u00e0 La Prairie\"}]},{\"@type\":\"WebSite\",\"@id\":\"https:\\\/\\\/aapars.com\\\/guylaine-ruel\\\/#website\",\"url\":\"https:\\\/\\\/aapars.com\\\/guylaine-ruel\\\/\",\"name\":\"Guylaine Ruel\",\"description\":\"Un site de la galerie virtuelle de l&#039;AAPARS\",\"publisher\":{\"@id\":\"https:\\\/\\\/aapars.com\\\/guylaine-ruel\\\/#organization\"},\"potentialAction\":[{\"@type\":\"SearchAction\",\"target\":{\"@type\":\"EntryPoint\",\"urlTemplate\":\"https:\\\/\\\/aapars.com\\\/guylaine-ruel\\\/?s={search_term_string}\"},\"query-input\":{\"@type\":\"PropertyValueSpecification\",\"valueRequired\":true,\"valueName\":\"search_term_string\"}}],\"inLanguage\":\"fr-FR\"},{\"@type\":\"Organization\",\"@id\":\"https:\\\/\\\/aapars.com\\\/guylaine-ruel\\\/#organization\",\"name\":\"Guylaine Ruel\",\"url\":\"https:\\\/\\\/aapars.com\\\/guylaine-ruel\\\/\",\"logo\":{\"@type\":\"ImageObject\",\"inLanguage\":\"fr-FR\",\"@id\":\"https:\\\/\\\/aapars.com\\\/guylaine-ruel\\\/#\\\/schema\\\/logo\\\/image\\\/\",\"url\":\"https:\\\/\\\/aapars.com\\\/guylaine-ruel\\\/files\\\/2021\\\/05\\\/logo-aapars-@2x.png\",\"contentUrl\":\"https:\\\/\\\/aapars.com\\\/guylaine-ruel\\\/files\\\/2021\\\/05\\\/logo-aapars-@2x.png\",\"width\":560,\"height\":306,\"caption\":\"Guylaine Ruel\"},\"image\":{\"@id\":\"https:\\\/\\\/aapars.com\\\/guylaine-ruel\\\/#\\\/schema\\\/logo\\\/image\\\/\"}},{\"@type\":\"Person\",\"@id\":\"https:\\\/\\\/aapars.com\\\/guylaine-ruel\\\/#\\\/schema\\\/person\\\/94c487adef6c6aea6c3da517322f5cb4\",\"name\":\"Guylaine Ruel\",\"image\":{\"@type\":\"ImageObject\",\"inLanguage\":\"fr-FR\",\"@id\":\"https:\\\/\\\/secure.gravatar.com\\\/avatar\\\/7b64d31f4e32bd4545a2a7fbca6f4a87a6c29a1ce7105559d6ed326284755db8?s=96&d=mm&r=g\",\"url\":\"https:\\\/\\\/secure.gravatar.com\\\/avatar\\\/7b64d31f4e32bd4545a2a7fbca6f4a87a6c29a1ce7105559d6ed326284755db8?s=96&d=mm&r=g\",\"contentUrl\":\"https:\\\/\\\/secure.gravatar.com\\\/avatar\\\/7b64d31f4e32bd4545a2a7fbca6f4a87a6c29a1ce7105559d6ed326284755db8?s=96&d=mm&r=g\",\"caption\":\"Guylaine Ruel\"},\"sameAs\":[\"http:\\\/\\\/www.guylaineruel.ca\",\"https:\\\/\\\/www.facebook.com\\\/GuylaineRuelArtistePeintre\"]}]}<\/script>\n<!-- \/ Yoast SEO plugin. -->","yoast_head_json":{"title":"Expo Galerie AAPARS \u00e0 La Prairie - Guylaine Ruel - Un site de la galerie virtuelle de l&#039;AAPARS","description":"Premi\u00e8re exposition en 2023 qui aura lieu les 1 et 2 avril au Centre multifonctionnel Guy-Dupr\u00e9 \u00e0 La Prairie. Les heures d'ouverture sont 10 h \u00e0 17 h. Il","robots":{"index":"index","follow":"follow","max-snippet":"max-snippet:-1","max-image-preview":"max-image-preview:large","max-video-preview":"max-video-preview:-1"},"canonical":"https:\/\/aapars.com\/guylaine-ruel\/2023\/03\/30\/expo-galerie-aapars-a-la-prairie\/","og_locale":"fr_FR","og_type":"article","og_title":"Expo Galerie AAPARS \u00e0 La Prairie - Guylaine Ruel - Un site de la galerie virtuelle de l&#039;AAPARS","og_description":"Premi\u00e8re exposition en 2023 qui aura lieu les 1 et 2 avril au Centre multifonctionnel Guy-Dupr\u00e9 \u00e0 La Prairie. Les heures d'ouverture sont 10 h \u00e0 17 h. Il","og_url":"https:\/\/aapars.com\/guylaine-ruel\/2023\/03\/30\/expo-galerie-aapars-a-la-prairie\/","og_site_name":"Guylaine Ruel","article_author":"https:\/\/www.facebook.com\/GuylaineRuelArtistePeintre","article_published_time":"2023-03-30T20:38:27+00:00","og_image":[{"width":1080,"height":1080,"url":"https:\/\/aapars.com\/guylaine-ruel\/files\/2023\/03\/Annonce-EGA2023.jpg","type":"image\/jpeg"}],"author":"Guylaine Ruel","twitter_misc":{"\u00c9crit par":"Guylaine Ruel","Dur\u00e9e de lecture estim\u00e9e":"1 minute"},"schema":{"@context":"https:\/\/schema.org","@graph":[{"@type":"Article","@id":"https:\/\/aapars.com\/guylaine-ruel\/2023\/03\/30\/expo-galerie-aapars-a-la-prairie\/#article","isPartOf":{"@id":"https:\/\/aapars.com\/guylaine-ruel\/2023\/03\/30\/expo-galerie-aapars-a-la-prairie\/"},"author":{"name":"Guylaine Ruel","@id":"https:\/\/aapars.com\/guylaine-ruel\/#\/schema\/person\/94c487adef6c6aea6c3da517322f5cb4"},"headline":"Expo Galerie AAPARS \u00e0 La Prairie","datePublished":"2023-03-30T20:38:27+00:00","mainEntityOfPage":{"@id":"https:\/\/aapars.com\/guylaine-ruel\/2023\/03\/30\/expo-galerie-aapars-a-la-prairie\/"},"wordCount":38,"commentCount":0,"publisher":{"@id":"https:\/\/aapars.com\/guylaine-ruel\/#organization"},"image":{"@id":"https:\/\/aapars.com\/guylaine-ruel\/2023\/03\/30\/expo-galerie-aapars-a-la-prairie\/#primaryimage"},"thumbnailUrl":"https:\/\/aapars.com\/guylaine-ruel\/files\/2023\/03\/Annonce-EGA2023.jpg","articleSection":["Nouvelles"],"inLanguage":"fr-FR","potentialAction":[{"@type":"CommentAction","name":"Comment","target":["https:\/\/aapars.com\/guylaine-ruel\/2023\/03\/30\/expo-galerie-aapars-a-la-prairie\/#respond"]}]},{"@type":"WebPage","@id":"https:\/\/aapars.com\/guylaine-ruel\/2023\/03\/30\/expo-galerie-aapars-a-la-prairie\/","url":"https:\/\/aapars.com\/guylaine-ruel\/2023\/03\/30\/expo-galerie-aapars-a-la-prairie\/","name":"Expo Galerie AAPARS \u00e0 La Prairie - Guylaine Ruel - Un site de la galerie virtuelle de l&#039;AAPARS","isPartOf":{"@id":"https:\/\/aapars.com\/guylaine-ruel\/#website"},"primaryImageOfPage":{"@id":"https:\/\/aapars.com\/guylaine-ruel\/2023\/03\/30\/expo-galerie-aapars-a-la-prairie\/#primaryimage"},"image":{"@id":"https:\/\/aapars.com\/guylaine-ruel\/2023\/03\/30\/expo-galerie-aapars-a-la-prairie\/#primaryimage"},"thumbnailUrl":"https:\/\/aapars.com\/guylaine-ruel\/files\/2023\/03\/Annonce-EGA2023.jpg","datePublished":"2023-03-30T20:38:27+00:00","description":"Premi\u00e8re exposition en 2023 qui aura lieu les 1 et 2 avril au Centre multifonctionnel Guy-Dupr\u00e9 \u00e0 La Prairie. Les heures d'ouverture sont 10 h \u00e0 17 h. Il","breadcrumb":{"@id":"https:\/\/aapars.com\/guylaine-ruel\/2023\/03\/30\/expo-galerie-aapars-a-la-prairie\/#breadcrumb"},"inLanguage":"fr-FR","potentialAction":[{"@type":"ReadAction","target":["https:\/\/aapars.com\/guylaine-ruel\/2023\/03\/30\/expo-galerie-aapars-a-la-prairie\/"]}]},{"@type":"ImageObject","inLanguage":"fr-FR","@id":"https:\/\/aapars.com\/guylaine-ruel\/2023\/03\/30\/expo-galerie-aapars-a-la-prairie\/#primaryimage","url":"https:\/\/aapars.com\/guylaine-ruel\/files\/2023\/03\/Annonce-EGA2023.jpg","contentUrl":"https:\/\/aapars.com\/guylaine-ruel\/files\/2023\/03\/Annonce-EGA2023.jpg","width":1080,"height":1080},{"@type":"BreadcrumbList","@id":"https:\/\/aapars.com\/guylaine-ruel\/2023\/03\/30\/expo-galerie-aapars-a-la-prairie\/#breadcrumb","itemListElement":[{"@type":"ListItem","position":1,"name":"Accueil","item":"https:\/\/aapars.com\/guylaine-ruel\/"},{"@type":"ListItem","position":2,"name":"Expo Galerie AAPARS \u00e0 La Prairie"}]},{"@type":"WebSite","@id":"https:\/\/aapars.com\/guylaine-ruel\/#website","url":"https:\/\/aapars.com\/guylaine-ruel\/","name":"Guylaine Ruel","description":"Un site de la galerie virtuelle de l&#039;AAPARS","publisher":{"@id":"https:\/\/aapars.com\/guylaine-ruel\/#organization"},"potentialAction":[{"@type":"SearchAction","target":{"@type":"EntryPoint","urlTemplate":"https:\/\/aapars.com\/guylaine-ruel\/?s={search_term_string}"},"query-input":{"@type":"PropertyValueSpecification","valueRequired":true,"valueName":"search_term_string"}}],"inLanguage":"fr-FR"},{"@type":"Organization","@id":"https:\/\/aapars.com\/guylaine-ruel\/#organization","name":"Guylaine Ruel","url":"https:\/\/aapars.com\/guylaine-ruel\/","logo":{"@type":"ImageObject","inLanguage":"fr-FR","@id":"https:\/\/aapars.com\/guylaine-ruel\/#\/schema\/logo\/image\/","url":"https:\/\/aapars.com\/guylaine-ruel\/files\/2021\/05\/logo-aapars-@2x.png","contentUrl":"https:\/\/aapars.com\/guylaine-ruel\/files\/2021\/05\/logo-aapars-@2x.png","width":560,"height":306,"caption":"Guylaine Ruel"},"image":{"@id":"https:\/\/aapars.com\/guylaine-ruel\/#\/schema\/logo\/image\/"}},{"@type":"Person","@id":"https:\/\/aapars.com\/guylaine-ruel\/#\/schema\/person\/94c487adef6c6aea6c3da517322f5cb4","name":"Guylaine Ruel","image":{"@type":"ImageObject","inLanguage":"fr-FR","@id":"https:\/\/secure.gravatar.com\/avatar\/7b64d31f4e32bd4545a2a7fbca6f4a87a6c29a1ce7105559d6ed326284755db8?s=96&d=mm&r=g","url":"https:\/\/secure.gravatar.com\/avatar\/7b64d31f4e32bd4545a2a7fbca6f4a87a6c29a1ce7105559d6ed326284755db8?s=96&d=mm&r=g","contentUrl":"https:\/\/secure.gravatar.com\/avatar\/7b64d31f4e32bd4545a2a7fbca6f4a87a6c29a1ce7105559d6ed326284755db8?s=96&d=mm&r=g","caption":"Guylaine Ruel"},"sameAs":["http:\/\/www.guylaineruel.ca","https:\/\/www.facebook.com\/GuylaineRuelArtistePeintre"]}]}},"_links":{"self":[{"href":"https:\/\/aapars.com\/guylaine-ruel\/wp-json\/wp\/v2\/posts\/416","targetHints":{"allow":["GET"]}}],"collection":[{"href":"https:\/\/aapars.com\/guylaine-ruel\/wp-json\/wp\/v2\/posts"}],"about":[{"href":"https:\/\/aapars.com\/guylaine-ruel\/wp-json\/wp\/v2\/types\/post"}],"author":[{"embeddable":true,"href":"https:\/\/aapars.com\/guylaine-ruel\/wp-json\/wp\/v2\/users\/586"}],"replies":[{"embeddable":true,"href":"https:\/\/aapars.com\/guylaine-ruel\/wp-json\/wp\/v2\/comments?post=416"}],"version-history":[{"count":0,"href":"https:\/\/aapars.com\/guylaine-ruel\/wp-json\/wp\/v2\/posts\/416\/revisions"}],"wp:featuredmedia":[{"embeddable":true,"href":"https:\/\/aapars.com\/guylaine-ruel\/wp-json\/wp\/v2\/media\/412"}],"wp:attachment":[{"href":"https:\/\/aapars.com\/guylaine-ruel\/wp-json\/wp\/v2\/media?parent=416"}],"wp:term":[{"taxonomy":"category","embeddable":true,"href":"https:\/\/aapars.com\/guylaine-ruel\/wp-json\/wp\/v2\/categories?post=416"},{"taxonomy":"post_tag","embeddable":true,"href":"https:\/\/aapars.com\/guylaine-ruel\/wp-json\/wp\/v2\/tags?post=416"}],"curies":[{"name":"wp","href":"https:\/\/api.w.org\/{rel}","templated":true}]}}