{"id":109,"date":"2015-04-27T09:00:42","date_gmt":"2015-04-27T13:00:42","guid":{"rendered":"https:\/\/aapars.com\/guylaine-ruel\/?p=109"},"modified":"2015-04-26T13:36:36","modified_gmt":"2015-04-26T17:36:36","slug":"exposition-printaniere-2015-de-laapars","status":"publish","type":"post","link":"https:\/\/aapars.com\/guylaine-ruel\/2015\/04\/27\/exposition-printaniere-2015-de-laapars\/","title":{"rendered":"Exposition Printani\u00e8re 2015 de l&#8217;AAPARS"},"content":{"rendered":"<p>Les 2 et 3 mai prochains, je participerai \u00e0 la sixi\u00e8me \u00e9dition de l&#8217;Exposition Printani\u00e8re organis\u00e9 par l&#8217;AAPARS. J&#8217;y pr\u00e9senterai mes tableaux sous le th\u00e8me du chat.<\/p>\n<p>Cette expostition se d\u00e9roulera au Pavillon Jordi-Bonet, \u00e0 la salle &#8220;La Nature en Mouvement&#8221;<br \/>\n99, rue du Centre-Civique, Mont-Saint-Hilaire.<\/p>\n<p>Au plaisir de vous y rencontrer<\/p>\n<p>https:\/\/aapars.com\/nos-activites\/expositions-interieures\/exposition-printaniere\/<\/p>\n<p><a href=\"https:\/\/aapars.com\/guylaine-ruel\/files\/2015\/04\/Expo_FB-e1430063002881.jpg\"><img loading=\"lazy\" decoding=\"async\" class=\"alignnone size-medium wp-image-111\" src=\"https:\/\/aapars.com\/guylaine-ruel\/files\/2015\/04\/Expo_FB-535x280.jpg\" alt=\"Expo_FB\" width=\"535\" height=\"280\" \/><\/a><\/p>\n<p>&nbsp;<\/p>\n","protected":false},"excerpt":{"rendered":"<p>Les 2 et 3 mai prochains, je participerai \u00e0 la sixi\u00e8me \u00e9dition de l&#8217;Exposition Printani\u00e8re organis\u00e9 par l&#8217;AAPARS. J&#8217;y pr\u00e9senterai mes tableaux sous le th\u00e8me du chat. Cette expostition se d\u00e9roulera au Pavillon Jordi-Bonet, \u00e0 la salle &#8220;La Nature en Mouvement&#8221; 99, rue du Centre-Civique, Mont-Saint-Hilaire. Au plaisir de vous y rencontrer https:\/\/aapars.com\/nos-activites\/expositions-interieures\/exposition-printaniere\/ &nbsp;<\/p>\n","protected":false},"author":586,"featured_media":0,"comment_status":"open","ping_status":"open","sticky":false,"template":"","format":"standard","meta":{"_s2mail":"yes","ngg_post_thumbnail":0,"iawp_total_views":1,"footnotes":""},"categories":[49,48,5],"tags":[78,77,80,79,76],"class_list":["post-109","post","type-post","status-publish","format-standard","hentry","category-49","category-expositions","category-nouvelles","tag-artiste","tag-chat","tag-mont-saint-hilaire","tag-peinture","tag-tableau","generate-columns","tablet-grid-50","mobile-grid-100","grid-parent","grid-50"],"yoast_head":"<!-- This site is optimized with the Yoast SEO plugin v27.5 - https:\/\/yoast.com\/product\/yoast-seo-wordpress\/ -->\n<title>Exposition Printani\u00e8re 2015 de l&#039;AAPARS - Guylaine Ruel - Un site de la galerie virtuelle de l&#039;AAPARS<\/title>\n<meta name=\"description\" content=\"Les 2 et 3 mai prochains, je participerai \u00e0 la sixi\u00e8me \u00e9dition de l&#039;Exposition Printani\u00e8re organis\u00e9 par l&#039;AAPARS. J&#039;y pr\u00e9senterai mes tableaux sous le\" \/>\n<meta name=\"robots\" content=\"index, follow, max-snippet:-1, max-image-preview:large, max-video-preview:-1\" \/>\n<link rel=\"canonical\" href=\"https:\/\/aapars.com\/guylaine-ruel\/2015\/04\/27\/exposition-printaniere-2015-de-laapars\/\" \/>\n<meta property=\"og:locale\" content=\"fr_FR\" \/>\n<meta property=\"og:type\" content=\"article\" \/>\n<meta property=\"og:title\" content=\"Exposition Printani\u00e8re 2015 de l&#039;AAPARS - Guylaine Ruel - Un site de la galerie virtuelle de l&#039;AAPARS\" \/>\n<meta property=\"og:description\" content=\"Les 2 et 3 mai prochains, je participerai \u00e0 la sixi\u00e8me \u00e9dition de l&#039;Exposition Printani\u00e8re organis\u00e9 par l&#039;AAPARS. J&#039;y pr\u00e9senterai mes tableaux sous le\" \/>\n<meta property=\"og:url\" content=\"https:\/\/aapars.com\/guylaine-ruel\/2015\/04\/27\/exposition-printaniere-2015-de-laapars\/\" \/>\n<meta property=\"og:site_name\" content=\"Guylaine Ruel\" \/>\n<meta property=\"article:author\" content=\"https:\/\/www.facebook.com\/GuylaineRuelArtistePeintre\" \/>\n<meta property=\"article:published_time\" content=\"2015-04-27T13:00:42+00:00\" \/>\n<meta property=\"og:image\" content=\"https:\/\/aapars.com\/guylaine-ruel\/files\/2015\/04\/Expo_FB-535x280.jpg\" \/>\n<meta name=\"author\" content=\"Guylaine Ruel\" \/>\n<meta name=\"twitter:label1\" content=\"\u00c9crit par\" \/>\n\t<meta name=\"twitter:data1\" content=\"Guylaine Ruel\" \/>\n<script type=\"application\/ld+json\" class=\"yoast-schema-graph\">{\"@context\":\"https:\\\/\\\/schema.org\",\"@graph\":[{\"@type\":\"Article\",\"@id\":\"https:\\\/\\\/aapars.com\\\/guylaine-ruel\\\/2015\\\/04\\\/27\\\/exposition-printaniere-2015-de-laapars\\\/#article\",\"isPartOf\":{\"@id\":\"https:\\\/\\\/aapars.com\\\/guylaine-ruel\\\/2015\\\/04\\\/27\\\/exposition-printaniere-2015-de-laapars\\\/\"},\"author\":{\"name\":\"Guylaine Ruel\",\"@id\":\"https:\\\/\\\/aapars.com\\\/guylaine-ruel\\\/#\\\/schema\\\/person\\\/94c487adef6c6aea6c3da517322f5cb4\"},\"headline\":\"Exposition Printani\u00e8re 2015 de l&#8217;AAPARS\",\"datePublished\":\"2015-04-27T13:00:42+00:00\",\"mainEntityOfPage\":{\"@id\":\"https:\\\/\\\/aapars.com\\\/guylaine-ruel\\\/2015\\\/04\\\/27\\\/exposition-printaniere-2015-de-laapars\\\/\"},\"wordCount\":68,\"commentCount\":0,\"publisher\":{\"@id\":\"https:\\\/\\\/aapars.com\\\/guylaine-ruel\\\/#organization\"},\"image\":{\"@id\":\"https:\\\/\\\/aapars.com\\\/guylaine-ruel\\\/2015\\\/04\\\/27\\\/exposition-printaniere-2015-de-laapars\\\/#primaryimage\"},\"thumbnailUrl\":\"https:\\\/\\\/aapars.com\\\/guylaine-ruel\\\/files\\\/2015\\\/04\\\/Expo_FB-535x280.jpg\",\"keywords\":[\"artiste\",\"chat\",\"Mont-Saint-Hilaire\",\"peinture\",\"Tableau\"],\"articleSection\":[\"2015\",\"Expositions\",\"Nouvelles\"],\"inLanguage\":\"fr-FR\",\"potentialAction\":[{\"@type\":\"CommentAction\",\"name\":\"Comment\",\"target\":[\"https:\\\/\\\/aapars.com\\\/guylaine-ruel\\\/2015\\\/04\\\/27\\\/exposition-printaniere-2015-de-laapars\\\/#respond\"]}]},{\"@type\":\"WebPage\",\"@id\":\"https:\\\/\\\/aapars.com\\\/guylaine-ruel\\\/2015\\\/04\\\/27\\\/exposition-printaniere-2015-de-laapars\\\/\",\"url\":\"https:\\\/\\\/aapars.com\\\/guylaine-ruel\\\/2015\\\/04\\\/27\\\/exposition-printaniere-2015-de-laapars\\\/\",\"name\":\"Exposition Printani\u00e8re 2015 de l'AAPARS - Guylaine Ruel - Un site de la galerie virtuelle de l&#039;AAPARS\",\"isPartOf\":{\"@id\":\"https:\\\/\\\/aapars.com\\\/guylaine-ruel\\\/#website\"},\"primaryImageOfPage\":{\"@id\":\"https:\\\/\\\/aapars.com\\\/guylaine-ruel\\\/2015\\\/04\\\/27\\\/exposition-printaniere-2015-de-laapars\\\/#primaryimage\"},\"image\":{\"@id\":\"https:\\\/\\\/aapars.com\\\/guylaine-ruel\\\/2015\\\/04\\\/27\\\/exposition-printaniere-2015-de-laapars\\\/#primaryimage\"},\"thumbnailUrl\":\"https:\\\/\\\/aapars.com\\\/guylaine-ruel\\\/files\\\/2015\\\/04\\\/Expo_FB-535x280.jpg\",\"datePublished\":\"2015-04-27T13:00:42+00:00\",\"description\":\"Les 2 et 3 mai prochains, je participerai \u00e0 la sixi\u00e8me \u00e9dition de l'Exposition Printani\u00e8re organis\u00e9 par l'AAPARS. J'y pr\u00e9senterai mes tableaux sous le\",\"breadcrumb\":{\"@id\":\"https:\\\/\\\/aapars.com\\\/guylaine-ruel\\\/2015\\\/04\\\/27\\\/exposition-printaniere-2015-de-laapars\\\/#breadcrumb\"},\"inLanguage\":\"fr-FR\",\"potentialAction\":[{\"@type\":\"ReadAction\",\"target\":[\"https:\\\/\\\/aapars.com\\\/guylaine-ruel\\\/2015\\\/04\\\/27\\\/exposition-printaniere-2015-de-laapars\\\/\"]}]},{\"@type\":\"ImageObject\",\"inLanguage\":\"fr-FR\",\"@id\":\"https:\\\/\\\/aapars.com\\\/guylaine-ruel\\\/2015\\\/04\\\/27\\\/exposition-printaniere-2015-de-laapars\\\/#primaryimage\",\"url\":\"https:\\\/\\\/aapars.com\\\/guylaine-ruel\\\/files\\\/2015\\\/04\\\/Expo_FB-535x280.jpg\",\"contentUrl\":\"https:\\\/\\\/aapars.com\\\/guylaine-ruel\\\/files\\\/2015\\\/04\\\/Expo_FB-535x280.jpg\"},{\"@type\":\"BreadcrumbList\",\"@id\":\"https:\\\/\\\/aapars.com\\\/guylaine-ruel\\\/2015\\\/04\\\/27\\\/exposition-printaniere-2015-de-laapars\\\/#breadcrumb\",\"itemListElement\":[{\"@type\":\"ListItem\",\"position\":1,\"name\":\"Accueil\",\"item\":\"https:\\\/\\\/aapars.com\\\/guylaine-ruel\\\/\"},{\"@type\":\"ListItem\",\"position\":2,\"name\":\"Exposition Printani\u00e8re 2015 de l&#8217;AAPARS\"}]},{\"@type\":\"WebSite\",\"@id\":\"https:\\\/\\\/aapars.com\\\/guylaine-ruel\\\/#website\",\"url\":\"https:\\\/\\\/aapars.com\\\/guylaine-ruel\\\/\",\"name\":\"Guylaine Ruel\",\"description\":\"Un site de la galerie virtuelle de l&#039;AAPARS\",\"publisher\":{\"@id\":\"https:\\\/\\\/aapars.com\\\/guylaine-ruel\\\/#organization\"},\"potentialAction\":[{\"@type\":\"SearchAction\",\"target\":{\"@type\":\"EntryPoint\",\"urlTemplate\":\"https:\\\/\\\/aapars.com\\\/guylaine-ruel\\\/?s={search_term_string}\"},\"query-input\":{\"@type\":\"PropertyValueSpecification\",\"valueRequired\":true,\"valueName\":\"search_term_string\"}}],\"inLanguage\":\"fr-FR\"},{\"@type\":\"Organization\",\"@id\":\"https:\\\/\\\/aapars.com\\\/guylaine-ruel\\\/#organization\",\"name\":\"Guylaine Ruel\",\"url\":\"https:\\\/\\\/aapars.com\\\/guylaine-ruel\\\/\",\"logo\":{\"@type\":\"ImageObject\",\"inLanguage\":\"fr-FR\",\"@id\":\"https:\\\/\\\/aapars.com\\\/guylaine-ruel\\\/#\\\/schema\\\/logo\\\/image\\\/\",\"url\":\"https:\\\/\\\/aapars.com\\\/guylaine-ruel\\\/files\\\/2021\\\/05\\\/logo-aapars-@2x.png\",\"contentUrl\":\"https:\\\/\\\/aapars.com\\\/guylaine-ruel\\\/files\\\/2021\\\/05\\\/logo-aapars-@2x.png\",\"width\":560,\"height\":306,\"caption\":\"Guylaine Ruel\"},\"image\":{\"@id\":\"https:\\\/\\\/aapars.com\\\/guylaine-ruel\\\/#\\\/schema\\\/logo\\\/image\\\/\"}},{\"@type\":\"Person\",\"@id\":\"https:\\\/\\\/aapars.com\\\/guylaine-ruel\\\/#\\\/schema\\\/person\\\/94c487adef6c6aea6c3da517322f5cb4\",\"name\":\"Guylaine Ruel\",\"image\":{\"@type\":\"ImageObject\",\"inLanguage\":\"fr-FR\",\"@id\":\"https:\\\/\\\/secure.gravatar.com\\\/avatar\\\/7b64d31f4e32bd4545a2a7fbca6f4a87a6c29a1ce7105559d6ed326284755db8?s=96&d=mm&r=g\",\"url\":\"https:\\\/\\\/secure.gravatar.com\\\/avatar\\\/7b64d31f4e32bd4545a2a7fbca6f4a87a6c29a1ce7105559d6ed326284755db8?s=96&d=mm&r=g\",\"contentUrl\":\"https:\\\/\\\/secure.gravatar.com\\\/avatar\\\/7b64d31f4e32bd4545a2a7fbca6f4a87a6c29a1ce7105559d6ed326284755db8?s=96&d=mm&r=g\",\"caption\":\"Guylaine Ruel\"},\"sameAs\":[\"http:\\\/\\\/www.guylaineruel.ca\",\"https:\\\/\\\/www.facebook.com\\\/GuylaineRuelArtistePeintre\"]}]}<\/script>\n<!-- \/ Yoast SEO plugin. -->","yoast_head_json":{"title":"Exposition Printani\u00e8re 2015 de l'AAPARS - Guylaine Ruel - Un site de la galerie virtuelle de l&#039;AAPARS","description":"Les 2 et 3 mai prochains, je participerai \u00e0 la sixi\u00e8me \u00e9dition de l'Exposition Printani\u00e8re organis\u00e9 par l'AAPARS. J'y pr\u00e9senterai mes tableaux sous le","robots":{"index":"index","follow":"follow","max-snippet":"max-snippet:-1","max-image-preview":"max-image-preview:large","max-video-preview":"max-video-preview:-1"},"canonical":"https:\/\/aapars.com\/guylaine-ruel\/2015\/04\/27\/exposition-printaniere-2015-de-laapars\/","og_locale":"fr_FR","og_type":"article","og_title":"Exposition Printani\u00e8re 2015 de l'AAPARS - Guylaine Ruel - Un site de la galerie virtuelle de l&#039;AAPARS","og_description":"Les 2 et 3 mai prochains, je participerai \u00e0 la sixi\u00e8me \u00e9dition de l'Exposition Printani\u00e8re organis\u00e9 par l'AAPARS. J'y pr\u00e9senterai mes tableaux sous le","og_url":"https:\/\/aapars.com\/guylaine-ruel\/2015\/04\/27\/exposition-printaniere-2015-de-laapars\/","og_site_name":"Guylaine Ruel","article_author":"https:\/\/www.facebook.com\/GuylaineRuelArtistePeintre","article_published_time":"2015-04-27T13:00:42+00:00","og_image":[{"url":"https:\/\/aapars.com\/guylaine-ruel\/files\/2015\/04\/Expo_FB-535x280.jpg","type":"","width":"","height":""}],"author":"Guylaine Ruel","twitter_misc":{"\u00c9crit par":"Guylaine Ruel"},"schema":{"@context":"https:\/\/schema.org","@graph":[{"@type":"Article","@id":"https:\/\/aapars.com\/guylaine-ruel\/2015\/04\/27\/exposition-printaniere-2015-de-laapars\/#article","isPartOf":{"@id":"https:\/\/aapars.com\/guylaine-ruel\/2015\/04\/27\/exposition-printaniere-2015-de-laapars\/"},"author":{"name":"Guylaine Ruel","@id":"https:\/\/aapars.com\/guylaine-ruel\/#\/schema\/person\/94c487adef6c6aea6c3da517322f5cb4"},"headline":"Exposition Printani\u00e8re 2015 de l&#8217;AAPARS","datePublished":"2015-04-27T13:00:42+00:00","mainEntityOfPage":{"@id":"https:\/\/aapars.com\/guylaine-ruel\/2015\/04\/27\/exposition-printaniere-2015-de-laapars\/"},"wordCount":68,"commentCount":0,"publisher":{"@id":"https:\/\/aapars.com\/guylaine-ruel\/#organization"},"image":{"@id":"https:\/\/aapars.com\/guylaine-ruel\/2015\/04\/27\/exposition-printaniere-2015-de-laapars\/#primaryimage"},"thumbnailUrl":"https:\/\/aapars.com\/guylaine-ruel\/files\/2015\/04\/Expo_FB-535x280.jpg","keywords":["artiste","chat","Mont-Saint-Hilaire","peinture","Tableau"],"articleSection":["2015","Expositions","Nouvelles"],"inLanguage":"fr-FR","potentialAction":[{"@type":"CommentAction","name":"Comment","target":["https:\/\/aapars.com\/guylaine-ruel\/2015\/04\/27\/exposition-printaniere-2015-de-laapars\/#respond"]}]},{"@type":"WebPage","@id":"https:\/\/aapars.com\/guylaine-ruel\/2015\/04\/27\/exposition-printaniere-2015-de-laapars\/","url":"https:\/\/aapars.com\/guylaine-ruel\/2015\/04\/27\/exposition-printaniere-2015-de-laapars\/","name":"Exposition Printani\u00e8re 2015 de l'AAPARS - Guylaine Ruel - Un site de la galerie virtuelle de l&#039;AAPARS","isPartOf":{"@id":"https:\/\/aapars.com\/guylaine-ruel\/#website"},"primaryImageOfPage":{"@id":"https:\/\/aapars.com\/guylaine-ruel\/2015\/04\/27\/exposition-printaniere-2015-de-laapars\/#primaryimage"},"image":{"@id":"https:\/\/aapars.com\/guylaine-ruel\/2015\/04\/27\/exposition-printaniere-2015-de-laapars\/#primaryimage"},"thumbnailUrl":"https:\/\/aapars.com\/guylaine-ruel\/files\/2015\/04\/Expo_FB-535x280.jpg","datePublished":"2015-04-27T13:00:42+00:00","description":"Les 2 et 3 mai prochains, je participerai \u00e0 la sixi\u00e8me \u00e9dition de l'Exposition Printani\u00e8re organis\u00e9 par l'AAPARS. J'y pr\u00e9senterai mes tableaux sous le","breadcrumb":{"@id":"https:\/\/aapars.com\/guylaine-ruel\/2015\/04\/27\/exposition-printaniere-2015-de-laapars\/#breadcrumb"},"inLanguage":"fr-FR","potentialAction":[{"@type":"ReadAction","target":["https:\/\/aapars.com\/guylaine-ruel\/2015\/04\/27\/exposition-printaniere-2015-de-laapars\/"]}]},{"@type":"ImageObject","inLanguage":"fr-FR","@id":"https:\/\/aapars.com\/guylaine-ruel\/2015\/04\/27\/exposition-printaniere-2015-de-laapars\/#primaryimage","url":"https:\/\/aapars.com\/guylaine-ruel\/files\/2015\/04\/Expo_FB-535x280.jpg","contentUrl":"https:\/\/aapars.com\/guylaine-ruel\/files\/2015\/04\/Expo_FB-535x280.jpg"},{"@type":"BreadcrumbList","@id":"https:\/\/aapars.com\/guylaine-ruel\/2015\/04\/27\/exposition-printaniere-2015-de-laapars\/#breadcrumb","itemListElement":[{"@type":"ListItem","position":1,"name":"Accueil","item":"https:\/\/aapars.com\/guylaine-ruel\/"},{"@type":"ListItem","position":2,"name":"Exposition Printani\u00e8re 2015 de l&#8217;AAPARS"}]},{"@type":"WebSite","@id":"https:\/\/aapars.com\/guylaine-ruel\/#website","url":"https:\/\/aapars.com\/guylaine-ruel\/","name":"Guylaine Ruel","description":"Un site de la galerie virtuelle de l&#039;AAPARS","publisher":{"@id":"https:\/\/aapars.com\/guylaine-ruel\/#organization"},"potentialAction":[{"@type":"SearchAction","target":{"@type":"EntryPoint","urlTemplate":"https:\/\/aapars.com\/guylaine-ruel\/?s={search_term_string}"},"query-input":{"@type":"PropertyValueSpecification","valueRequired":true,"valueName":"search_term_string"}}],"inLanguage":"fr-FR"},{"@type":"Organization","@id":"https:\/\/aapars.com\/guylaine-ruel\/#organization","name":"Guylaine Ruel","url":"https:\/\/aapars.com\/guylaine-ruel\/","logo":{"@type":"ImageObject","inLanguage":"fr-FR","@id":"https:\/\/aapars.com\/guylaine-ruel\/#\/schema\/logo\/image\/","url":"https:\/\/aapars.com\/guylaine-ruel\/files\/2021\/05\/logo-aapars-@2x.png","contentUrl":"https:\/\/aapars.com\/guylaine-ruel\/files\/2021\/05\/logo-aapars-@2x.png","width":560,"height":306,"caption":"Guylaine Ruel"},"image":{"@id":"https:\/\/aapars.com\/guylaine-ruel\/#\/schema\/logo\/image\/"}},{"@type":"Person","@id":"https:\/\/aapars.com\/guylaine-ruel\/#\/schema\/person\/94c487adef6c6aea6c3da517322f5cb4","name":"Guylaine Ruel","image":{"@type":"ImageObject","inLanguage":"fr-FR","@id":"https:\/\/secure.gravatar.com\/avatar\/7b64d31f4e32bd4545a2a7fbca6f4a87a6c29a1ce7105559d6ed326284755db8?s=96&d=mm&r=g","url":"https:\/\/secure.gravatar.com\/avatar\/7b64d31f4e32bd4545a2a7fbca6f4a87a6c29a1ce7105559d6ed326284755db8?s=96&d=mm&r=g","contentUrl":"https:\/\/secure.gravatar.com\/avatar\/7b64d31f4e32bd4545a2a7fbca6f4a87a6c29a1ce7105559d6ed326284755db8?s=96&d=mm&r=g","caption":"Guylaine Ruel"},"sameAs":["http:\/\/www.guylaineruel.ca","https:\/\/www.facebook.com\/GuylaineRuelArtistePeintre"]}]}},"_links":{"self":[{"href":"https:\/\/aapars.com\/guylaine-ruel\/wp-json\/wp\/v2\/posts\/109","targetHints":{"allow":["GET"]}}],"collection":[{"href":"https:\/\/aapars.com\/guylaine-ruel\/wp-json\/wp\/v2\/posts"}],"about":[{"href":"https:\/\/aapars.com\/guylaine-ruel\/wp-json\/wp\/v2\/types\/post"}],"author":[{"embeddable":true,"href":"https:\/\/aapars.com\/guylaine-ruel\/wp-json\/wp\/v2\/users\/586"}],"replies":[{"embeddable":true,"href":"https:\/\/aapars.com\/guylaine-ruel\/wp-json\/wp\/v2\/comments?post=109"}],"version-history":[{"count":0,"href":"https:\/\/aapars.com\/guylaine-ruel\/wp-json\/wp\/v2\/posts\/109\/revisions"}],"wp:attachment":[{"href":"https:\/\/aapars.com\/guylaine-ruel\/wp-json\/wp\/v2\/media?parent=109"}],"wp:term":[{"taxonomy":"category","embeddable":true,"href":"https:\/\/aapars.com\/guylaine-ruel\/wp-json\/wp\/v2\/categories?post=109"},{"taxonomy":"post_tag","embeddable":true,"href":"https:\/\/aapars.com\/guylaine-ruel\/wp-json\/wp\/v2\/tags?post=109"}],"curies":[{"name":"wp","href":"https:\/\/api.w.org\/{rel}","templated":true}]}}